{"language_default":"de","language_more":[],"ikmk_id":"960","eLearning_completed":"0","primary_source_id":"0","title":"Bremen: Erzbischof Hartwig II. von Utlede?","inventory_number":"323\/2","activated":"yes","item":{"ikmk_item_id":"1","ndp_uri":"https:\/\/ikmk.smb.museum\/ndp\/item\/1","item_de":"M\u00fcnze","item_en":"Coin","item_nomisma":"http:\/\/nomisma.org\/id\/coin"},"permalink":"https:\/\/www.virtuelles-muenzkabinett.de\/object?id=ID960","permalink_source":null,"publisher":{"ikmk_publisher_id":61,"ndp_uri":"https:\/\/ikmk.smb.museum\/ndp\/owner\/61","publisher_name":"Herzog Anton Ulrich-Museum","publisher_isil":"http:\/\/ld.zdb-services.de\/resource\/organisations\/DE-MUS-026819","publisher_isil_short":"DE-MUS-026819","UID":"http:\/\/ld.zdb-services.de\/resource\/organisations\/DE-MUS-026819\/ID960","legalBodyWeblink":"https:\/\/www.3landesmuseen.de\/Herzog-Anton-Ulrich-Museum.304.0.html","nomisma_address":"http:\/\/nomisma.org\/id\/hau_museum_braunschweig","author":"Leschhorn, Wolfgang"},"owner":{"ikmk_owner_id":"61","owner_name":"Braunschweig, Herzog Anton Ulrich-Museum","owner_isil":"http:\/\/ld.zdb-services.de\/resource\/organisations\/DE-MUS-026819","owner_isil_short":"DE-MUS-026819","owner_www_address":"https:\/\/www.virtuelles-muenzkabinett.de","nomisma_address":"http:\/\/nomisma.org\/id\/hau_museum_braunschweig","ndp_uri":"https:\/\/ikmk.smb.museum\/ndp\/owner\/61","owner_type":{"de":"Eigentum","en":"Property","ikmk_type_id":"2","ndp_uri":"https:\/\/ikmk.smb.museum\/ndp\/status_of_property\/2"}},"ikmk_status_id":"7","status":{"de":"vorhanden","en":"present","ikmk_status_id":"7","ndp_uri":"https:\/\/ikmk.smb.museum\/ndp\/object_status\/7"},"nominal":{"ikmk_nominal_id":"698","nominal_de":"Brakteat","nominal_en":"Bracteate","nominal_nomisma_id":"","nominal_gnd_id":"http:\/\/d-nb.info\/gnd\/4131287-9","info_de":"Neuzeitliche, aus dem Lateinischen abgeleitete Bezeichnung f\u00fcr eine besondere Form des mittelalterlichen und fr\u00fchneuzeitlichen Pfennigs. Ein h\u00e4ufig verwendetes Synonym ist Hohlpfennig (siehe dort), welcher insbesondere f\u00fcr nordeutsche Gepr\u00e4ge ab ca. 1300 verwendet wird.","info_en":"","ndp_uri":"https:\/\/ikmk.smb.museum\/ndp\/denomination\/698"},"date_last":"2025-05-17 04:01:27","coin_status":[{"ikmk_coin_status_id":"16","coin_status_name_de":"Erzbistum","coin_status_name_en":"Archbishopric","coin_status_nomisma_id":"http:\/\/nomisma.org\/id\/archbishop","ndp_uri":"https:\/\/ikmk.smb.museum\/ndp\/class_status\/16"}],"mint":[{"ikmk_country_id":"19","country_ndp_url":"https:\/\/ikmk.smb.museum\/ndp\/country\/19","country_name_de":"Deutschland","country_name_en":"Germany","country_nomisma_id":"http:\/\/nomisma.org\/id\/bundesrepublik_deutschland","country_geoname_id":"http:\/\/www.geonames.org\/2921044","ikmk_mint_id":"2408","mint_ndp_uri":"https:\/\/ikmk.smb.museum\/ndp\/location\/2408","mint_name":"Hamburg?","mint_name_de":"Hamburg?","mint_name_en":null,"mint_nomisma_id":"http:\/\/nomisma.org\/id\/hamburg","mint_geoname_id":"http:\/\/www.geonames.org\/2911298"},{"ikmk_country_id":"19","country_ndp_url":"https:\/\/ikmk.smb.museum\/ndp\/country\/19","country_name_de":"Deutschland","country_name_en":"Germany","country_nomisma_id":"http:\/\/nomisma.org\/id\/bundesrepublik_deutschland","country_geoname_id":"http:\/\/www.geonames.org\/2921044","ikmk_region_id":"83","region_ndp_uri":"https:\/\/ikmk.smb.museum\/ndp\/region\/83","region_name_de":"Niedersachsen","region_name_en":"Lower Saxony","region_nomisma_id":"","region_geoname_id":"http:\/\/www.geonames.org\/2862926","ikmk_mint_id":"2788","mint_ndp_uri":"https:\/\/ikmk.smb.museum\/ndp\/location\/2788","mint_name":"Stade?","mint_name_de":"Stade?","mint_name_en":null,"mint_nomisma_id":"","mint_geoname_id":"http:\/\/www.geonames.org\/2829901"}],"material":{"ikmk_material_id":"1","material_name_de":"Silber","material_name_en":"Silver","material_nomisma_id":"http:\/\/nomisma.org\/id\/ar","ndp_uri":"https:\/\/ikmk.smb.museum\/ndp\/material\/1"},"diameter":"18 mm","weight":"0.59 g","accession":"","access_year":"1913","access_type":{"ikmk_access_type_id":"1","access_type_name":"Kauf","access_type_nomisma_id":"","access_type_concept_id":"http:\/\/d-nb.info\/gnd\/4128692-3","ndp_uir":"https:\/\/ikmk.smb.museum\/ndp\/accession\/1"},"findspot":{"ikmk_country_id":"19","country_ndp_id":"https:\/\/ikmk.smb.museum\/ndp\/country\/19","country_name_de":"Deutschland","country_name_en":"Germany","country_nomisma_id":"http:\/\/nomisma.org\/id\/bundesrepublik_deutschland","country_geoname_id":"http:\/\/www.geonames.org\/2921044","ikmk_findspot_id":"1325","findspot_ndp_uri":"https:\/\/ikmk.smb.museum\/ndp\/location\/1325","findspot_name":"Kusey","findspot_nomisma_id":"","findspot_geonames_id":"http:\/\/www.geonames.org\/2882260"},"provenienz_extern":"Fund von Kusey, aus Sammlung von H\u00f6fken, Auktion Cahn, Frankfurt 26, 1913, 5.","acquisition_date":null,"avers":{"leg_trans":"","leg_text":"+CICNSTCNALVI.TDVSI","image_description":"Brustbild des Erzbischofs von vorn mit Krummstab in der Rechten und Buch in der Linken. \u00dcber dem Buch Punkt.","foto_date":"2014-03-24","photographer":{"ikmk_photographer_id":"2","photographer_name":"Raithel, Robert","photographer_gnd":"","photographer_viaf":""},"path_thumbnail":"https:\/\/www.virtuelles-muenzkabinett.de\/image\/ID960\/vs_opt.jpg","path_opt":"https:\/\/www.virtuelles-muenzkabinett.de\/image\/ID960\/vs_opt.jpg","path_opt_rel":"\/var\/www\/html\/mk-edit\/images\/n0\/960\/vs_opt.jpg","path":"https:\/\/www.virtuelles-muenzkabinett.de\/image\/ID960\/vs_org.jpg","path_org":"https:\/\/www.virtuelles-muenzkabinett.de\/image\/ID960\/vs_org.jpg","image_timestamp":1556284733,"copyright":{"short":"PDM 1.0","url":"https:\/\/creativecommons.org\/publicdomain\/mark\/1.0\/","de":"Bilddateien sind <a href=\"https:\/\/creativecommons.org\/publicdomain\/mark\/1.0\/deed.de\" target=\"_blank\">Public Domain Mark 1.0<\/a>. Braunschweig, Herzog Anton Ulrich-Museum, ID960. Aufnahme durch Raithel, Robert.","en":"Image files are licensed&nbsp;<a href=\"https:\/\/creativecommons.org\/publicdomain\/mark\/1.0\/deed.en\" target=\"_blank\">Public Domain Mark 1.0<\/a>. Braunschweig, Herzog Anton Ulrich-Museum, ID960. Photographs by Raithel, Robert."}},"division":{"ikmk_division_id":"2","division_name_de":"Mittelalter","division_name_en":"Medieval Period"},"sub_division":{"ikmk_subdivision_id":"19","subdivision_name_de":"Hochmittelalter","subdivision_name_en":"High Middle Ages"},"literatur":"W. Leschhorn, Mittelalterliche M\u00fcnzen (2015) Nr. 664 (dieses Exemplar); Bahrfeldt, Altm\u00e4rkischer Fund (Kusey) 31a; Slg. Bonhoff I 58; Mehl, Stade, Abb.3.","comment":"Doppelschlag. Nach Bahrfeldt, Berliner M\u00fcnzbl\u00e4tter 1916, S.625f. handelt es sich um eine Pr\u00e4gung des Bremer Erzbischofs Hartwig II. aus seiner M\u00fcnzst\u00e4tte Hamburg-Altstadt; so auch Engelke, Stade, S.250. Jesse dagegen sprach sich mehrfach f\u00fcr Stade als M\u00fcnzst\u00e4tte des Bremer Erzbischofs  aus (vgl. Jesse, M\u00fcnzverein, S.42f.), ebenso auch Hatz, Holstein, S.40-44. Diese Zuweisung findet sich schon im Auktionskatalog der Sammlung H\u00f6fken bei Cahn 1913. Zuletzt schlug Mehl, Stade, S.45-48 auf Grund des Neufundes eines parallelen M\u00fcnztyps des Grafen Adolf III. von Schauenburg wieder Hamburg als M\u00fcnzst\u00e4tte vor, schloss aber Stade nicht aus.","period":{"ikmk_period_id":"14","name_de":"Hochmittelalter","name_en":null,"description_de":"","description_en":null,"concept_id":"http:\/\/d-nb.info\/gnd\/7503822-5","ndp_uri":"https:\/\/ikmk.smb.museum\/ndp\/period\/14"},"year_start":"1184","year_end":"1207","date_verbal":"1184-1207","year_islam":"0","references":[{"ikmk_referenz_id":323,"souce":"HAUM Mittelalter","number":"0664","similar":"0"}],"manufacturing":[{"ikmk_manufacturing_id":"21","manufacturing_name_de":"gepr\u00e4gt","manufacturing_name_en":"struck","nomisma_id":"http:\/\/nomisma.org\/id\/struck","ndp_uri":"https:\/\/ikmk.smb.museum\/ndp\/manufacture\/21"}],"linked_persons_corporations":{"50":{"ikmk_type_id":"50","type_name_de":"Vorbesitzer","type_name_en":"previous Owner","type_nomisma_id":"","type_concept_id":"http:\/\/d-nb.info\/gnd\/4447273-0","ndp_id":"https:\/\/ikmk.smb.museum\/ndp\/type_for_person_and_corporation\/50","items":{"5854":{"ikmk_person_id":"5854","title_de":"Ritter","first_name_de":"Rudolf von","last_name_de":"H\u00f6fken-Hattingsheim","vitalDates":"09.07.1861 - 12.10.1921","title_en":null,"first_name_en":"Rudolf von","last_name_en":"H\u00f6fken-Hattingsheim","corporation":"0","lod":{"https:\/\/d-nb.info\/gnd\/137592094":"https:\/\/d-nb.info\/gnd\/137592094","https:\/\/viaf.org\/viaf\/81763685":"https:\/\/viaf.org\/viaf\/81763685","https:\/\/ikmk.smb.museum\/ndp\/person\/5854":"https:\/\/ikmk.smb.museum\/ndp\/person\/5854"},"year_from":"0","year_until":"0"}}},"54":{"ikmk_type_id":"54","type_name_de":"Dargestellte\/r","type_name_en":"Sitter","type_nomisma_id":"http:\/\/nomisma.org\/id\/portrait","type_concept_id":"http:\/\/vocab.getty.edu\/aat\/300189844","ndp_id":"https:\/\/ikmk.smb.museum\/ndp\/type_for_person_and_corporation\/54","items":{"10175":{"ikmk_person_id":"10175","title_de":null,"first_name_de":null,"last_name_de":"Hartwig II. von Utlede (1184-1207), Erzbischof von Bremen","vitalDates":"-03.11.1207","title_en":null,"first_name_en":null,"last_name_en":"Hartwig II of Utlede (1184-1207), archbishop of Bremen","corporation":"0","lod":{"https:\/\/d-nb.info\/gnd\/137525567":"https:\/\/d-nb.info\/gnd\/137525567","https:\/\/de.wikipedia.org\/wiki\/Hartwig_II._(Bremen)":"https:\/\/de.wikipedia.org\/wiki\/Hartwig_II._(Bremen)","https:\/\/en.wikipedia.org\/wiki\/Hartwig_of_Uthlede":"https:\/\/en.wikipedia.org\/wiki\/Hartwig_of_Uthlede","https:\/\/viaf.org\/viaf\/81705079":"https:\/\/viaf.org\/viaf\/81705079","https:\/\/www.wikidata.org\/wiki\/Q319244":"https:\/\/www.wikidata.org\/wiki\/Q319244","https:\/\/ikmk.smb.museum\/ndp\/person\/10175":"https:\/\/ikmk.smb.museum\/ndp\/person\/10175"}}}},"57":{"ikmk_type_id":"57","type_name_de":"Autorit\u00e4t","type_name_en":"Authority","type_nomisma_id":"http:\/\/nomisma.org\/id\/authority","type_concept_id":"http:\/\/d-nb.info\/gnd\/1051614252","ndp_id":"https:\/\/ikmk.smb.museum\/ndp\/type_for_person_and_corporation\/57","items":{"10175":{"ikmk_person_id":"10175","title_de":null,"first_name_de":null,"last_name_de":"Hartwig II. von Utlede (1184-1207), Erzbischof von Bremen","vitalDates":"-03.11.1207","title_en":null,"first_name_en":null,"last_name_en":"Hartwig II of Utlede (1184-1207), archbishop of Bremen","corporation":"0","lod":{"https:\/\/d-nb.info\/gnd\/137525567":"https:\/\/d-nb.info\/gnd\/137525567","https:\/\/de.wikipedia.org\/wiki\/Hartwig_II._(Bremen)":"https:\/\/de.wikipedia.org\/wiki\/Hartwig_II._(Bremen)","https:\/\/en.wikipedia.org\/wiki\/Hartwig_of_Uthlede":"https:\/\/en.wikipedia.org\/wiki\/Hartwig_of_Uthlede","https:\/\/viaf.org\/viaf\/81705079":"https:\/\/viaf.org\/viaf\/81705079","https:\/\/www.wikidata.org\/wiki\/Q319244":"https:\/\/www.wikidata.org\/wiki\/Q319244","https:\/\/ikmk.smb.museum\/ndp\/person\/10175":"https:\/\/ikmk.smb.museum\/ndp\/person\/10175"}}}},"138":{"ikmk_type_id":"138","type_name_de":"Ver\u00e4u\u00dferer (an Vorbesitzer)","type_name_en":"Vendor (to prev. Owner)","type_nomisma_id":"","type_concept_id":"","ndp_id":"https:\/\/ikmk.smb.museum\/ndp\/type_for_person_and_corporation\/138","items":{"5549":{"ikmk_person_id":"5549","title_de":null,"first_name_de":null,"last_name_de":"Adolph E. Cahn (Frankfurt am Main)","vitalDates":null,"title_en":null,"first_name_en":null,"last_name_en":"Adolph E. Cahn (Frankfurt am Main)","corporation":"1","lod":{"https:\/\/d-nb.info\/gnd\/511366-0":"https:\/\/d-nb.info\/gnd\/511366-0","https:\/\/viaf.org\/viaf\/214145245":"https:\/\/viaf.org\/viaf\/214145245","https:\/\/ikmk.smb.museum\/ndp\/corporation\/5549":"https:\/\/ikmk.smb.museum\/ndp\/corporation\/5549"}}}}},"keywords":[{"ikmk_keyword_id":"18","keyword_de":"Deutschland","keyword_gnd_uri":"http:\/\/d-nb.info\/gnd\/4011882-4","keyword_concept_uri":"http:\/\/vocab.getty.edu\/tgn\/7000084"},{"ikmk_keyword_id":"37","keyword_de":"Geistliche F\u00fcrsten","keyword_gnd_uri":"http:\/\/d-nb.info\/gnd\/4156371-2","keyword_concept_uri":"https:\/\/nomisma.org\/id\/clergy"},{"ikmk_keyword_id":"44","keyword_de":"Herrscherrepr\u00e4sentation","keyword_gnd_uri":"","keyword_concept_uri":""},{"ikmk_keyword_id":"9","keyword_de":"Hochmittelalter, 10.-12. Jh.","keyword_gnd_uri":"http:\/\/d-nb.info\/gnd\/7503822-5","keyword_concept_uri":""},{"ikmk_keyword_id":"2","keyword_de":"Mittelalter","keyword_gnd_uri":"http:\/\/d-nb.info\/gnd\/4129108-6","keyword_concept_uri":"http:\/\/vocab.getty.edu\/aat\/300020756"},{"ikmk_keyword_id":"43","keyword_de":"Portr\u00e4ts","keyword_gnd_uri":"http:\/\/d-nb.info\/gnd\/4006627-7","keyword_concept_uri":"http:\/\/vocab.getty.edu\/aat\/300015637"},{"ikmk_keyword_id":"69","keyword_de":"Silber","keyword_gnd_uri":"http:\/\/d-nb.info\/gnd\/4133759-1","keyword_concept_uri":"http:\/\/www.nomisma.org\/id\/ar"},{"ikmk_keyword_id":"10","keyword_de":"Sp\u00e4tmittelalter, 13.-15. Jh.","keyword_gnd_uri":"http:\/\/d-nb.info\/gnd\/7503823-7","keyword_concept_uri":"http:\/\/vocab.getty.edu\/aat\/300111307"}],"timeline_themes":[{"ikmk_timeline_id":"94","timeline_item":"Deutschland im Hochmittelalter","description":"Das ostfr\u00e4nkisch-deutsche Reich war um 900 rechtsrheinisch eine Region ohne eigene M\u00fcnzpr\u00e4gung. Mit dem politischen Aufschwung unter den Ottonen (919-1024) und Saliern (1024-1125) verschob sich nicht nur die Grenze der M\u00fcnzgeldwirtschaft innerhalb weniger Jahrzehnte vom Rhein an die Elbe, sondern wurde das Reich der Ottonen und Salier zum Hauptm\u00fcnzproduzent in Europa. An der M\u00fcnzpr\u00e4gung wurde vom K\u00f6nigtum durch gezielte Privilegien die Reichskirche beteiligt. Neben den Emissionen, die sich durch Namensnennung K\u00f6nig, Geistlichkeit oder weltlichem Adel zuweisen lassen, spielen anonyme Emissionen eine gro\u00dfe Rolle, vor allem im Osten. Die aus Silber gepr\u00e4gten Denare (Pfennige) sahen \u00fcberall anders aus, so dass sich mehr als 3000 verschiedene M\u00fcnztypen feststellen lassen. An der Pr\u00e4gung waren ca. 160-180 M\u00fcnzst\u00e4tten beteiligt, davon etwa 25-30 kontinuierlich und mit gr\u00f6\u00dferem Produktionsvolumen.","year_from":"911","year_until":"1200","autor":"Kluge, Bernd"},{"ikmk_timeline_id":"81","timeline_item":"Erzbisch\u00f6fe, Bisch\u00f6fe, \u00c4bte","description":"Um die wirtschaftlichen und politischen Potenzen der Kirche f\u00fcr das Reich und das eigene Seelenheil zu nutzen, ist die Kirche durch die K\u00f6nige im 10. und 11. Jh. im Deutschen Reich  mit Schenkungen bedacht worden. Zu diesen Schenkungen geh\u00f6rte auch die Verleihung des M\u00fcnzrechts. Auf diese Weise sind nahezu alle Erzbist\u00fcmer, Bist\u00fcmer und Reichsabteien in den Besitz des M\u00fcnzrechts gelangt, das die meisten auch ausge\u00fcbt haben. Die bis in die Neuzeit reichenden geistlichen M\u00fcnzpr\u00e4gungen in Deutschland haben ihre Wurzeln im 10. Jh.","year_from":"950","year_until":"1500","autor":"Kluge, Bernd"}],"text_right":{"short":"CC BY-SA 4.0","icon":"https:\/\/licensebuttons.net\/l\/by-sa\/4.0\/80x15.png","url":{"de":"https:\/\/creativecommons.org\/licenses\/by-sa\/4.0\/deed.de","en":"https:\/\/creativecommons.org\/licenses\/by-sa\/4.0\/deed.en"},"label":{"de":"Creative Commons Namensnennung - Weitergabe unter gleichen Bedingungen 4.0 International","en":"Creative Commons Attribution-ShareAlike 4.0 International"},"string":{"de":"Texte und Beschreibungen in diesem Online-Katalog stehen unter einer <a href=\"https:\/\/creativecommons.org\/licenses\/by-sa\/4.0\/deed.de\" target=\"_blank\">CC BY-SA 4.0<\/a> Lizenz.","en":"Texts and descriptions of this catalogue are licensed <a href=\"https:\/\/creativecommons.org\/licenses\/by-sa\/4.0\/deed.de\" target=\"_blank\">CC BY-SA 4.0<\/a>."}},"lod_right":{"short":"PDM 1.0","icon":"https:\/\/licensebuttons.net\/p\/zero\/1.0\/80x15.png","url":{"de":"https:\/\/creativecommons.org\/publicdomain\/mark\/1.0\/deed.de","en":"https:\/\/creativecommons.org\/publicdomain\/mark\/1.0\/deed.en"},"label":{"de":"Public Domain Mark 1.0","en":"Public Domain Mark 1.0"},"string":{"de":"Verwendete LOD-Identifikatoren sind <a href=\"https:\/\/creativecommons.org\/publicdomain\/mark\/1.0\/deed.de\" target=\"_blank\">PDM 1.0<\/a>.","en":"LOD ids used are licensed <a href=\"https:\/\/creativecommons.org\/publicdomain\/mark\/1.0\/deed.en\" target=\"_blank\">Public Domain Mark 1.0<\/a>."}},"image_restriction_id":0,"image_restriction":"free","image_right":{"short":"PDM 1.0","icon":"https:\/\/licensebuttons.net\/p\/zero\/1.0\/80x15.png","url":{"de":"https:\/\/creativecommons.org\/publicdomain\/mark\/1.0\/deed.de","en":"https:\/\/creativecommons.org\/publicdomain\/mark\/1.0\/deed.en"},"label":{"de":"Public Domain Mark 1.0","en":"Public Domain Mark 1.0"}}}