{"language_default":"de","language_more":[],"ikmk_id":"823","eLearning_completed":"0","primary_source_id":"0","title":"Essen: \u00c4btissin Elisabeth von Nassau-Hadamar","inventory_number":"181\/4","activated":"yes","item":{"ikmk_item_id":"1","ndp_uri":"https:\/\/ikmk.smb.museum\/ndp\/item\/1","item_de":"M\u00fcnze","item_en":"Coin","item_nomisma":"http:\/\/nomisma.org\/id\/coin"},"permalink":"https:\/\/www.virtuelles-muenzkabinett.de\/object?id=ID823","permalink_source":null,"publisher":{"ikmk_publisher_id":61,"ndp_uri":"https:\/\/ikmk.smb.museum\/ndp\/owner\/61","publisher_name":"Herzog Anton Ulrich-Museum","publisher_isil":"http:\/\/ld.zdb-services.de\/resource\/organisations\/DE-MUS-026819","publisher_isil_short":"DE-MUS-026819","UID":"http:\/\/ld.zdb-services.de\/resource\/organisations\/DE-MUS-026819\/ID823","legalBodyWeblink":"https:\/\/www.3landesmuseen.de\/Herzog-Anton-Ulrich-Museum.304.0.html","nomisma_address":"http:\/\/nomisma.org\/id\/hau_museum_braunschweig","author":"Leschhorn, Wolfgang"},"owner":{"ikmk_owner_id":"61","owner_name":"Braunschweig, Herzog Anton Ulrich-Museum","owner_isil":"http:\/\/ld.zdb-services.de\/resource\/organisations\/DE-MUS-026819","owner_isil_short":"DE-MUS-026819","owner_www_address":"https:\/\/www.virtuelles-muenzkabinett.de","nomisma_address":"http:\/\/nomisma.org\/id\/hau_museum_braunschweig","ndp_uri":"https:\/\/ikmk.smb.museum\/ndp\/owner\/61","owner_type":{"de":"Eigentum","en":"Property","ikmk_type_id":"2","ndp_uri":"https:\/\/ikmk.smb.museum\/ndp\/status_of_property\/2"}},"ikmk_status_id":"7","status":{"de":"vorhanden","en":"present","ikmk_status_id":"7","ndp_uri":"https:\/\/ikmk.smb.museum\/ndp\/object_status\/7"},"nominal":{"ikmk_nominal_id":"1024","nominal_de":"Pfennig","nominal_en":"Pfennig","nominal_nomisma_id":"http:\/\/nomisma.org\/id\/pfennig_de","nominal_gnd_id":"","info_de":"","info_en":"","ndp_uri":"https:\/\/ikmk.smb.museum\/ndp\/denomination\/1024"},"date_last":"2025-05-17 04:01:24","coin_status":[{"ikmk_coin_status_id":"1","coin_status_name_de":"Abtei","coin_status_name_en":"Abbey","coin_status_nomisma_id":"http:\/\/nomisma.org\/id\/abbot","ndp_uri":"https:\/\/ikmk.smb.museum\/ndp\/class_status\/1"}],"mint":[{"ikmk_country_id":"19","country_ndp_url":"https:\/\/ikmk.smb.museum\/ndp\/country\/19","country_name_de":"Deutschland","country_name_en":"Germany","country_nomisma_id":"http:\/\/nomisma.org\/id\/bundesrepublik_deutschland","country_geoname_id":"http:\/\/www.geonames.org\/2921044","ikmk_region_id":"85","region_ndp_uri":"https:\/\/ikmk.smb.museum\/ndp\/region\/85","region_name_de":"Nordrhein-Westfalen","region_name_en":"Nordrhein-Westfalen","region_nomisma_id":"","region_geoname_id":"http:\/\/www.geonames.org\/2861876","ikmk_mint_id":"2752","mint_ndp_uri":"https:\/\/ikmk.smb.museum\/ndp\/location\/2752","mint_name":"Essen","mint_name_de":"Essen","mint_name_en":null,"mint_nomisma_id":"","mint_geoname_id":"http:\/\/www.geonames.org\/2928810"}],"material":{"ikmk_material_id":"1","material_name_de":"Silber","material_name_en":"Silver","material_nomisma_id":"http:\/\/nomisma.org\/id\/ar","ndp_uri":"https:\/\/ikmk.smb.museum\/ndp\/material\/1"},"diameter":"16 mm","weight":"0.91 g","accession":"","access_year":"1889","access_type":{"ikmk_access_type_id":"1","access_type_name":"Kauf","access_type_nomisma_id":"","access_type_concept_id":"http:\/\/d-nb.info\/gnd\/4128692-3","ndp_uir":"https:\/\/ikmk.smb.museum\/ndp\/accession\/1"},"provenienz_extern":"Numismatischer Verein Dorsten \/ Westf.","acquisition_date":null,"avers":{"leg_trans":"","leg_text":"+ELISAB[ET NASV]","image_description":"Verschleierte B\u00fcste der \u00c4btissin von vorn \u00fcber Wappenschild von Nassau.","foto_date":"2014-03-25","photographer":{"ikmk_photographer_id":"2","photographer_name":"Raithel, Robert","photographer_gnd":"","photographer_viaf":""},"path_thumbnail":"https:\/\/www.virtuelles-muenzkabinett.de\/image\/ID823\/vs_opt.jpg","path_opt":"https:\/\/www.virtuelles-muenzkabinett.de\/image\/ID823\/vs_opt.jpg","path_opt_rel":"\/var\/www\/html\/mk-edit\/images\/n0\/823\/vs_opt.jpg","path":"https:\/\/www.virtuelles-muenzkabinett.de\/image\/ID823\/vs_org.jpg","path_org":"https:\/\/www.virtuelles-muenzkabinett.de\/image\/ID823\/vs_org.jpg","image_timestamp":1553415690,"copyright":{"short":"PDM 1.0","url":"https:\/\/creativecommons.org\/publicdomain\/mark\/1.0\/","de":"Bilddateien sind <a href=\"https:\/\/creativecommons.org\/publicdomain\/mark\/1.0\/deed.de\" target=\"_blank\">Public Domain Mark 1.0<\/a>. Braunschweig, Herzog Anton Ulrich-Museum, ID823. Aufnahme durch Raithel, Robert.","en":"Image files are licensed&nbsp;<a href=\"https:\/\/creativecommons.org\/publicdomain\/mark\/1.0\/deed.en\" target=\"_blank\">Public Domain Mark 1.0<\/a>. Braunschweig, Herzog Anton Ulrich-Museum, ID823. Photographs by Raithel, Robert."}},"revers":{"leg_trans":"","leg_text":"MONETA ESSENDEN","image_description":"Thronender K\u00f6nig mit Reichsapfel in der Linken und Kreuz in der Rechten.","foto_date":"2014-03-25","photographer":{"ikmk_photographer_id":"2","photographer_name":"Raithel, Robert","photographer_gnd":"","photographer_viaf":""},"path_thumbnail":"https:\/\/www.virtuelles-muenzkabinett.de\/image\/ID823\/rs_opt.jpg","path_opt":"https:\/\/www.virtuelles-muenzkabinett.de\/image\/ID823\/rs_opt.jpg","path_opt_rel":"\/var\/www\/html\/mk-edit\/images\/n0\/823\/rs_opt.jpg","path":"https:\/\/www.virtuelles-muenzkabinett.de\/image\/ID823\/rs_org.jpg","path_org":"https:\/\/www.virtuelles-muenzkabinett.de\/image\/ID823\/rs_org.jpg","image_timestamp":1553415771,"copyright":{"short":"PDM 1.0","url":"https:\/\/creativecommons.org\/publicdomain\/mark\/1.0\/","de":"Bilddateien sind <a href=\"https:\/\/creativecommons.org\/publicdomain\/mark\/1.0\/deed.de\" target=\"_blank\">Public Domain Mark 1.0<\/a>. Braunschweig, Herzog Anton Ulrich-Museum, ID823. Aufnahme durch Raithel, Robert.","en":"Image files are licensed&nbsp;<a href=\"https:\/\/creativecommons.org\/publicdomain\/mark\/1.0\/deed.en\" target=\"_blank\">Public Domain Mark 1.0<\/a>. Braunschweig, Herzog Anton Ulrich-Museum, ID823. Photographs by Raithel, Robert."}},"division":{"ikmk_division_id":"2","division_name_de":"Mittelalter","division_name_en":"Medieval Period"},"sub_division":{"ikmk_subdivision_id":"27","subdivision_name_de":"Sp\u00e4tmittelalter","subdivision_name_en":"Late Middle Ages"},"literatur":"W. Leschhorn, Mittelalterliche M\u00fcnzen (2015) Nr. 414a (dieses Exemplar); Grote, M\u00fcnzstudien 3, S.454,7b; De Wit Coll. 1961; Kramer, Stift Essen 14.2.","comment":"","period":{"ikmk_period_id":"17","name_de":"Sp\u00e4tmittelalter","name_en":null,"description_de":"","description_en":null,"concept_id":"http:\/\/d-nb.info\/gnd\/7503823-7","ndp_uri":"https:\/\/ikmk.smb.museum\/ndp\/period\/17"},"year_start":"1370","year_end":"1413","date_verbal":"1370-1413","year_islam":"0","references":[{"ikmk_referenz_id":323,"souce":"HAUM Mittelalter","number":"0414","similar":"0"}],"manufacturing":[{"ikmk_manufacturing_id":"30","manufacturing_name_de":"geschnitten","manufacturing_name_en":"cut","nomisma_id":"","ndp_uri":"https:\/\/ikmk.smb.museum\/ndp\/manufacture\/30"}],"linked_persons_corporations":{"50":{"ikmk_type_id":"50","type_name_de":"Vorbesitzer","type_name_en":"previous Owner","type_nomisma_id":"","type_concept_id":"http:\/\/d-nb.info\/gnd\/4447273-0","ndp_id":"https:\/\/ikmk.smb.museum\/ndp\/type_for_person_and_corporation\/50","items":{"10086":{"ikmk_person_id":"10086","title_de":null,"first_name_de":null,"last_name_de":"Numismatischer Verein Dorsten (Westfalen)","vitalDates":null,"title_en":null,"first_name_en":null,"last_name_en":"Numismatischer Verein Dorsten (Westfalen)","corporation":"1","lod":{"https:\/\/ikmk.smb.museum\/ndp\/corporation\/10086":"https:\/\/ikmk.smb.museum\/ndp\/corporation\/10086"},"year_from":"0","year_until":"0"}}},"57":{"ikmk_type_id":"57","type_name_de":"Autorit\u00e4t","type_name_en":"Authority","type_nomisma_id":"http:\/\/nomisma.org\/id\/authority","type_concept_id":"http:\/\/d-nb.info\/gnd\/1051614252","ndp_id":"https:\/\/ikmk.smb.museum\/ndp\/type_for_person_and_corporation\/57","items":{"10106":{"ikmk_person_id":"10106","title_de":null,"first_name_de":null,"last_name_de":"Elisabeth Gr\u00e4fin von Nassau-Hadamar (1370-1412), \u00c4btissin von Essen","vitalDates":"-30.12.1412","title_en":null,"first_name_en":null,"last_name_en":"Elisabeth Countess of Nassau-Hadamar (1370-1412), abbess of Essen","corporation":"0","lod":{"https:\/\/d-nb.info\/gnd\/127758656X":"https:\/\/d-nb.info\/gnd\/127758656X","https:\/\/de.wikipedia.org\/wiki\/Elisabeth_von_Nassau-Hadamar":"https:\/\/de.wikipedia.org\/wiki\/Elisabeth_von_Nassau-Hadamar","https:\/\/en.wikipedia.org\/wiki\/Elisabeth_of_Nassau-Hadamar":"https:\/\/en.wikipedia.org\/wiki\/Elisabeth_of_Nassau-Hadamar","https:\/\/viaf.org\/viaf\/2167385853983032146":"https:\/\/viaf.org\/viaf\/2167385853983032146","https:\/\/www.wikidata.org\/wiki\/Q19959356":"https:\/\/www.wikidata.org\/wiki\/Q19959356","https:\/\/ikmk.smb.museum\/ndp\/person\/10106":"https:\/\/ikmk.smb.museum\/ndp\/person\/10106"}}}}},"keywords":[{"ikmk_keyword_id":"11","keyword_de":"15. Jh.","keyword_gnd_uri":"","keyword_concept_uri":"http:\/\/vocab.getty.edu\/aat\/300404465"},{"ikmk_keyword_id":"18","keyword_de":"Deutschland","keyword_gnd_uri":"http:\/\/d-nb.info\/gnd\/4011882-4","keyword_concept_uri":"http:\/\/vocab.getty.edu\/tgn\/7000084"},{"ikmk_keyword_id":"37","keyword_de":"Geistliche F\u00fcrsten","keyword_gnd_uri":"http:\/\/d-nb.info\/gnd\/4156371-2","keyword_concept_uri":"https:\/\/nomisma.org\/id\/clergy"},{"ikmk_keyword_id":"44","keyword_de":"Herrscherrepr\u00e4sentation","keyword_gnd_uri":"","keyword_concept_uri":""},{"ikmk_keyword_id":"33","keyword_de":"K\u00f6nige (MA&NZ)","keyword_gnd_uri":"http:\/\/d-nb.info\/gnd\/4031516-2","keyword_concept_uri":""},{"ikmk_keyword_id":"2","keyword_de":"Mittelalter","keyword_gnd_uri":"http:\/\/d-nb.info\/gnd\/4129108-6","keyword_concept_uri":"http:\/\/vocab.getty.edu\/aat\/300020756"},{"ikmk_keyword_id":"43","keyword_de":"Portr\u00e4ts","keyword_gnd_uri":"http:\/\/d-nb.info\/gnd\/4006627-7","keyword_concept_uri":"http:\/\/vocab.getty.edu\/aat\/300015637"},{"ikmk_keyword_id":"69","keyword_de":"Silber","keyword_gnd_uri":"http:\/\/d-nb.info\/gnd\/4133759-1","keyword_concept_uri":"http:\/\/www.nomisma.org\/id\/ar"},{"ikmk_keyword_id":"10","keyword_de":"Sp\u00e4tmittelalter, 13.-15. Jh.","keyword_gnd_uri":"http:\/\/d-nb.info\/gnd\/7503823-7","keyword_concept_uri":"http:\/\/vocab.getty.edu\/aat\/300111307"}],"timeline_themes":[{"ikmk_timeline_id":"122","timeline_item":"Deutsche K\u00f6nige und Kaiser des Mittelalters","description":"Nach dem Aussterben der ostfr\u00e4nkischen Karolinger ging die K\u00f6nigsw\u00fcrde durch die Wahl der F\u00fcrsten zun\u00e4chst an Konrad I. (911-918), Herzog von Franken, nach dessen Tod an den s\u00e4chsischen Herzog Heinrich I. (919-936) \u00fcber. Mit Heinrich I. beginnt \u00fcblicherweise die Z\u00e4hlung der deutschen K\u00f6nige. Heinrichs Sohn Otto I. (936-973) wurde 962 durch den Papst in Rom zum Kaiser gekr\u00f6nt. Seither haben fast alle deutschen K\u00f6nige des Mittelalters auch die Kaiserkrone getragen. Dazu war die Kr\u00f6nung durch den Papst in Rom erforderlich. Alle K\u00f6nige wurden durch Wahl der F\u00fcrsten bestimmt, auch wenn meist der Sohn auf den Vater folgte (Gebl\u00fctsrecht). Erst bei Aussterben einer Dynastie wurde das Wahlrecht der F\u00fcrsten voll wirksam. Seit 1356 (Goldene Bulle) ist die K\u00f6nigswahl Sache der  sieben Kurf\u00fcrsten des Reiches. Die bedeutendsten K\u00f6nigsdynastien waren die Ottonen (Liudolfinger, 919-1024), die Salier (1024-1125), die Staufer (1138-1250), die Luxemburger (1308-1313, 1346-1437) und die Habsburger (1273-1291 und von 1438 bis zur Aufl\u00f6sung des Reiches 1806).","year_from":"911","year_until":"1500","autor":"Kluge"},{"ikmk_timeline_id":"81","timeline_item":"Erzbisch\u00f6fe, Bisch\u00f6fe, \u00c4bte","description":"Um die wirtschaftlichen und politischen Potenzen der Kirche f\u00fcr das Reich und das eigene Seelenheil zu nutzen, ist die Kirche durch die K\u00f6nige im 10. und 11. Jh. im Deutschen Reich  mit Schenkungen bedacht worden. Zu diesen Schenkungen geh\u00f6rte auch die Verleihung des M\u00fcnzrechts. Auf diese Weise sind nahezu alle Erzbist\u00fcmer, Bist\u00fcmer und Reichsabteien in den Besitz des M\u00fcnzrechts gelangt, das die meisten auch ausge\u00fcbt haben. Die bis in die Neuzeit reichenden geistlichen M\u00fcnzpr\u00e4gungen in Deutschland haben ihre Wurzeln im 10. Jh.","year_from":"950","year_until":"1500","autor":"Kluge, Bernd"},{"ikmk_timeline_id":"131","timeline_item":"Deutschland im Sp\u00e4tmittelalter. Silberm\u00fcnzen","description":"Die Entwicklung im Bereich der Silberm\u00fcnzen ist in Deutschland regional sehr unterschiedlich verlaufen. Bis um 1300 herrschte noch Pfennigw\u00e4hrung, bevor von Westen her h\u00f6herwertige Silberm\u00fcnzen (Groschen) Fu\u00df fassten. Eine Groschenm\u00fcnze verk\u00f6rperte - je nach Region und Wertstufe - den Wert von vier bis zw\u00f6lf Pfennigen. Anf\u00e4nglich lehnte man sich an das Vorbild des franz\u00f6sischen Gros tournois an, bevor in den Rheinlanden mit dem Albus (Wei\u00dfpfennig) ein eigener Groschenstandard geschaffen wurde.\r\nMittel- und Ostdeutschland standen unter dem Einfluss des Prager Groschens und des daran angelehnten seit ca. 1338 in Freiberg (Erzgebirge) gem\u00fcnzten Mei\u00dfner Groschens. Der Norden entwickelte mit Witten und Schillingen ein anderes System kleinerer Groschenm\u00fcnzen.\r\nS\u00fcdlich des Mains (Bayern, Schwaben) spielten neben den Importen b\u00f6hmischer Groschen das Pfennig- und Hellergeld sowie der fr\u00e4nkische Schilling die Hauptrolle. In S\u00fcdwestdeutschland (Baden-W\u00fcrttemberg), im Elsass und der Schweiz sind gegen Ende des 15. Jh. mit den Dicken gr\u00f6\u00dfere Silberm\u00fcnzen entstanden, die mit ihren sorgf\u00e4ltig geschnittenen Stempeln wieder f\u00fcr einen k\u00fcnstlerischen Anspruch in der M\u00fcnzherstellung sorgten.\r\nDie Rolle der St\u00e4dte als neuer politischer Macht zeigt sich in autonomen M\u00fcnzpr\u00e4gungen und in M\u00fcnzb\u00fcnden wie dem Wendischen M\u00fcnzverein der f\u00fchrenden Hansest\u00e4dte.","year_from":"1251","year_until":"1500","autor":"Kluge, Bernd"}],"text_right":{"short":"CC BY-SA 4.0","icon":"https:\/\/licensebuttons.net\/l\/by-sa\/4.0\/80x15.png","url":{"de":"https:\/\/creativecommons.org\/licenses\/by-sa\/4.0\/deed.de","en":"https:\/\/creativecommons.org\/licenses\/by-sa\/4.0\/deed.en"},"label":{"de":"Creative Commons Namensnennung - Weitergabe unter gleichen Bedingungen 4.0 International","en":"Creative Commons Attribution-ShareAlike 4.0 International"},"string":{"de":"Texte und Beschreibungen in diesem Online-Katalog stehen unter einer <a href=\"https:\/\/creativecommons.org\/licenses\/by-sa\/4.0\/deed.de\" target=\"_blank\">CC BY-SA 4.0<\/a> Lizenz.","en":"Texts and descriptions of this catalogue are licensed <a href=\"https:\/\/creativecommons.org\/licenses\/by-sa\/4.0\/deed.de\" target=\"_blank\">CC BY-SA 4.0<\/a>."}},"lod_right":{"short":"PDM 1.0","icon":"https:\/\/licensebuttons.net\/p\/zero\/1.0\/80x15.png","url":{"de":"https:\/\/creativecommons.org\/publicdomain\/mark\/1.0\/deed.de","en":"https:\/\/creativecommons.org\/publicdomain\/mark\/1.0\/deed.en"},"label":{"de":"Public Domain Mark 1.0","en":"Public Domain Mark 1.0"},"string":{"de":"Verwendete LOD-Identifikatoren sind <a href=\"https:\/\/creativecommons.org\/publicdomain\/mark\/1.0\/deed.de\" target=\"_blank\">PDM 1.0<\/a>.","en":"LOD ids used are licensed <a href=\"https:\/\/creativecommons.org\/publicdomain\/mark\/1.0\/deed.en\" target=\"_blank\">Public Domain Mark 1.0<\/a>."}},"image_restriction_id":0,"image_restriction":"free","image_right":{"short":"PDM 1.0","icon":"https:\/\/licensebuttons.net\/p\/zero\/1.0\/80x15.png","url":{"de":"https:\/\/creativecommons.org\/publicdomain\/mark\/1.0\/deed.de","en":"https:\/\/creativecommons.org\/publicdomain\/mark\/1.0\/deed.en"},"label":{"de":"Public Domain Mark 1.0","en":"Public Domain Mark 1.0"}}}