{"language_default":"de","language_more":[],"ikmk_id":"789","eLearning_completed":"0","primary_source_id":"0","title":"Andernach?: K\u00f6nig Konrad II. und Erzbischof Pilgrim von K\u00f6ln","inventory_number":"178b\/9","activated":"yes","item":{"ikmk_item_id":"1","ndp_uri":"https:\/\/ikmk.smb.museum\/ndp\/item\/1","item_de":"M\u00fcnze","item_en":"Coin","item_nomisma":"http:\/\/nomisma.org\/id\/coin"},"permalink":"https:\/\/www.virtuelles-muenzkabinett.de\/object?id=ID789","permalink_source":null,"publisher":{"ikmk_publisher_id":61,"ndp_uri":"https:\/\/ikmk.smb.museum\/ndp\/owner\/61","publisher_name":"Herzog Anton Ulrich-Museum","publisher_isil":"http:\/\/ld.zdb-services.de\/resource\/organisations\/DE-MUS-026819","publisher_isil_short":"DE-MUS-026819","UID":"http:\/\/ld.zdb-services.de\/resource\/organisations\/DE-MUS-026819\/ID789","legalBodyWeblink":"https:\/\/www.3landesmuseen.de\/Herzog-Anton-Ulrich-Museum.304.0.html","nomisma_address":"http:\/\/nomisma.org\/id\/hau_museum_braunschweig","author":"Leschhorn, Wolfgang"},"owner":{"ikmk_owner_id":"61","owner_name":"Braunschweig, Herzog Anton Ulrich-Museum","owner_isil":"http:\/\/ld.zdb-services.de\/resource\/organisations\/DE-MUS-026819","owner_isil_short":"DE-MUS-026819","owner_www_address":"https:\/\/www.virtuelles-muenzkabinett.de","nomisma_address":"http:\/\/nomisma.org\/id\/hau_museum_braunschweig","ndp_uri":"https:\/\/ikmk.smb.museum\/ndp\/owner\/61","owner_type":{"de":"Eigentum","en":"Property","ikmk_type_id":"2","ndp_uri":"https:\/\/ikmk.smb.museum\/ndp\/status_of_property\/2"}},"ikmk_status_id":"7","status":{"de":"vorhanden","en":"present","ikmk_status_id":"7","ndp_uri":"https:\/\/ikmk.smb.museum\/ndp\/object_status\/7"},"nominal":{"ikmk_nominal_id":"1304","nominal_de":"Denar (MA)","nominal_en":"Denarius (MA)","nominal_nomisma_id":"http:\/\/nomisma.org\/id\/medieval_denarius","nominal_gnd_id":"http:\/\/d-nb.info\/gnd\/4174023-3","info_de":"","info_en":"","ndp_uri":"https:\/\/ikmk.smb.museum\/ndp\/denomination\/1304"},"date_last":"2025-05-17 04:01:24","coin_status":[{"ikmk_coin_status_id":"17","coin_status_name_de":"Erzbistum?","coin_status_name_en":"Archbishopric?","coin_status_nomisma_id":""},{"ikmk_coin_status_id":"36","coin_status_name_de":"K\u00f6nigtum (MA\/NZ)","coin_status_name_en":"Kingdom (medieval\/modern)","coin_status_nomisma_id":"http:\/\/nomisma.org\/id\/king","ndp_uri":"https:\/\/ikmk.smb.museum\/ndp\/class_status\/36"}],"mint":[{"ikmk_country_id":"19","country_ndp_url":"https:\/\/ikmk.smb.museum\/ndp\/country\/19","country_name_de":"Deutschland","country_name_en":"Germany","country_nomisma_id":"http:\/\/nomisma.org\/id\/bundesrepublik_deutschland","country_geoname_id":"http:\/\/www.geonames.org\/2921044","ikmk_region_id":"92","region_ndp_uri":"https:\/\/ikmk.smb.museum\/ndp\/region\/92","region_name_de":"Rheinland-Pfalz","region_name_en":"Rhineland-Palatinate","region_nomisma_id":"","region_geoname_id":"http:\/\/www.geonames.org\/2847618","ikmk_mint_id":"2428","mint_ndp_uri":"https:\/\/ikmk.smb.museum\/ndp\/location\/2428","mint_name":"Andernach?","mint_name_de":"Andernach?","mint_name_en":null,"mint_nomisma_id":"http:\/\/nomisma.org\/id\/andernach","mint_geoname_id":"http:\/\/www.geonames.org\/2956206"}],"material":{"ikmk_material_id":"1","material_name_de":"Silber","material_name_en":"Silver","material_nomisma_id":"http:\/\/nomisma.org\/id\/ar","ndp_uri":"https:\/\/ikmk.smb.museum\/ndp\/material\/1"},"diameter":"20 mm","weight":"1.27 g","accession":"","access_year":"1897","access_type":{"ikmk_access_type_id":"1","access_type_name":"Kauf","access_type_nomisma_id":"","access_type_concept_id":"http:\/\/d-nb.info\/gnd\/4128692-3","ndp_uir":"https:\/\/ikmk.smb.museum\/ndp\/accession\/1"},"provenienz_extern":"Auktion Hess, Frankfurt 1897","acquisition_date":null,"avers":{"leg_trans":"","leg_text":"[+CHVO]NRADVS; PILIGR\/IMVS kreuzf\u00f6rmig gestellt.","image_description":"","foto_date":"2014-03-24","photographer":{"ikmk_photographer_id":"2","photographer_name":"Raithel, Robert","photographer_gnd":"","photographer_viaf":""},"path_thumbnail":"https:\/\/www.virtuelles-muenzkabinett.de\/image\/ID789\/vs_opt.jpg","path_opt":"https:\/\/www.virtuelles-muenzkabinett.de\/image\/ID789\/vs_opt.jpg","path_opt_rel":"\/var\/www\/html\/mk-edit\/images\/n0\/789\/vs_opt.jpg","path":"https:\/\/www.virtuelles-muenzkabinett.de\/image\/ID789\/vs_org.jpg","path_org":"https:\/\/www.virtuelles-muenzkabinett.de\/image\/ID789\/vs_org.jpg","image_timestamp":1552821661,"copyright":{"short":"PDM 1.0","url":"https:\/\/creativecommons.org\/publicdomain\/mark\/1.0\/","de":"Bilddateien sind <a href=\"https:\/\/creativecommons.org\/publicdomain\/mark\/1.0\/deed.de\" target=\"_blank\">Public Domain Mark 1.0<\/a>. Braunschweig, Herzog Anton Ulrich-Museum, ID789. Aufnahme durch Raithel, Robert.","en":"Image files are licensed&nbsp;<a href=\"https:\/\/creativecommons.org\/publicdomain\/mark\/1.0\/deed.en\" target=\"_blank\">Public Domain Mark 1.0<\/a>. Braunschweig, Herzog Anton Ulrich-Museum, ID789. Photographs by Raithel, Robert."}},"revers":{"leg_trans":"","leg_text":"[A]ND-[RNA]","image_description":"Kirchenfront mit Rundbogenportal, Kreuz unter der Kirche.","foto_date":"2014-03-24","photographer":{"ikmk_photographer_id":"2","photographer_name":"Raithel, Robert","photographer_gnd":"","photographer_viaf":""},"path_thumbnail":"https:\/\/www.virtuelles-muenzkabinett.de\/image\/ID789\/rs_opt.jpg","path_opt":"https:\/\/www.virtuelles-muenzkabinett.de\/image\/ID789\/rs_opt.jpg","path_opt_rel":"\/var\/www\/html\/mk-edit\/images\/n0\/789\/rs_opt.jpg","path":"https:\/\/www.virtuelles-muenzkabinett.de\/image\/ID789\/rs_org.jpg","path_org":"https:\/\/www.virtuelles-muenzkabinett.de\/image\/ID789\/rs_org.jpg","image_timestamp":1552821710,"copyright":{"short":"PDM 1.0","url":"https:\/\/creativecommons.org\/publicdomain\/mark\/1.0\/","de":"Bilddateien sind <a href=\"https:\/\/creativecommons.org\/publicdomain\/mark\/1.0\/deed.de\" target=\"_blank\">Public Domain Mark 1.0<\/a>. Braunschweig, Herzog Anton Ulrich-Museum, ID789. Aufnahme durch Raithel, Robert.","en":"Image files are licensed&nbsp;<a href=\"https:\/\/creativecommons.org\/publicdomain\/mark\/1.0\/deed.en\" target=\"_blank\">Public Domain Mark 1.0<\/a>. Braunschweig, Herzog Anton Ulrich-Museum, ID789. Photographs by Raithel, Robert."}},"division":{"ikmk_division_id":"2","division_name_de":"Mittelalter","division_name_en":"Medieval Period"},"sub_division":{"ikmk_subdivision_id":"19","subdivision_name_de":"Hochmittelalter","subdivision_name_en":"High Middle Ages"},"literatur":"W. Leschhorn, Mittelalterliche M\u00fcnzen (2015) Nr. 363 (dieses Exemplar); Kluge, CNG 22.15; H\u00e4vernick, K\u00f6ln 710; Dannenberg 446a.","comment":"","period":{"ikmk_period_id":"14","name_de":"Hochmittelalter","name_en":null,"description_de":"","description_en":null,"concept_id":"http:\/\/d-nb.info\/gnd\/7503822-5","ndp_uri":"https:\/\/ikmk.smb.museum\/ndp\/period\/14"},"year_start":"1024","year_end":"1036","date_verbal":"1024-1036","year_islam":"0","references":[{"ikmk_referenz_id":201,"souce":"Dannenberg","number":"0446a","similar":"0"},{"ikmk_referenz_id":323,"souce":"HAUM Mittelalter","number":"0363","similar":"0"}],"manufacturing":[{"ikmk_manufacturing_id":"21","manufacturing_name_de":"gepr\u00e4gt","manufacturing_name_en":"struck","nomisma_id":"http:\/\/nomisma.org\/id\/struck","ndp_uri":"https:\/\/ikmk.smb.museum\/ndp\/manufacture\/21"}],"linked_persons_corporations":{"57":{"ikmk_type_id":"57","type_name_de":"Autorit\u00e4t","type_name_en":"Authority","type_nomisma_id":"http:\/\/nomisma.org\/id\/authority","type_concept_id":"http:\/\/d-nb.info\/gnd\/1051614252","ndp_id":"https:\/\/ikmk.smb.museum\/ndp\/type_for_person_and_corporation\/57","items":{"1041":{"ikmk_person_id":"1041","title_de":null,"first_name_de":null,"last_name_de":"Konrad II. (1024-1039), K\u00f6nig, seit 1027 Kaiser","vitalDates":"990-04.06.1039","title_en":null,"first_name_en":null,"last_name_en":"Conrad II (1024-1039), king, from 1027 emperor","corporation":"0","lod":{"http:\/\/nomisma.org\/id\/conrad_ii_hre":"http:\/\/nomisma.org\/id\/conrad_ii_hre","https:\/\/d-nb.info\/gnd\/118565079":"https:\/\/d-nb.info\/gnd\/118565079","https:\/\/de.wikipedia.org\/wiki\/Konrad_II._(HRR)":"https:\/\/de.wikipedia.org\/wiki\/Konrad_II._(HRR)","https:\/\/en.wikipedia.org\/wiki\/Conrad_II,_Holy_Roman_Emperor":"https:\/\/en.wikipedia.org\/wiki\/Conrad_II,_Holy_Roman_Emperor","https:\/\/viaf.org\/viaf\/71238083":"https:\/\/viaf.org\/viaf\/71238083","https:\/\/www.britishmuseum.org\/collection\/term\/BIOG156387":"https:\/\/www.britishmuseum.org\/collection\/term\/BIOG156387","https:\/\/www.wikidata.org\/wiki\/Q152256":"https:\/\/www.wikidata.org\/wiki\/Q152256","https:\/\/ikmk.smb.museum\/ndp\/person\/1041":"https:\/\/ikmk.smb.museum\/ndp\/person\/1041"}},"1309":{"ikmk_person_id":"1309","title_de":null,"first_name_de":null,"last_name_de":"Pilgrim (1021-1036), Erzbischof von K\u00f6ln","vitalDates":"985-25.08.1036","title_en":null,"first_name_en":null,"last_name_en":"Pilgrim (1021-1036), archbishop of Cologne","corporation":"0","lod":{"https:\/\/d-nb.info\/gnd\/135958814":"https:\/\/d-nb.info\/gnd\/135958814","https:\/\/en.wikipedia.org\/wiki\/Pilgrim_(archbishop_of_Cologne)":"https:\/\/en.wikipedia.org\/wiki\/Pilgrim_(archbishop_of_Cologne)","https:\/\/viaf.org\/viaf\/80386085":"https:\/\/viaf.org\/viaf\/80386085","https:\/\/www.wikidata.org\/wiki\/Q510332":"https:\/\/www.wikidata.org\/wiki\/Q510332","https:\/\/ikmk.smb.museum\/ndp\/person\/1309":"https:\/\/ikmk.smb.museum\/ndp\/person\/1309"}}}},"125":{"ikmk_type_id":"125","type_name_de":"Ver\u00e4u\u00dferer (an Museum)","type_name_en":"Vendor (to Museum)","type_nomisma_id":"","type_concept_id":"http:\/\/d-nb.info\/gnd\/4126928-7","ndp_id":"https:\/\/ikmk.smb.museum\/ndp\/type_for_person_and_corporation\/125","items":{"5567":{"ikmk_person_id":"5567","title_de":null,"first_name_de":null,"last_name_de":"Adolph Hess Nachfolger (Frankfurt am Main)","vitalDates":null,"title_en":null,"first_name_en":null,"last_name_en":"Adolph Hess Nachfolger (Frankfurt am Main)","corporation":"1","lod":{"https:\/\/d-nb.info\/gnd\/5010101-8":"https:\/\/d-nb.info\/gnd\/5010101-8","https:\/\/viaf.org\/viaf\/134399114":"https:\/\/viaf.org\/viaf\/134399114","https:\/\/ikmk.smb.museum\/ndp\/corporation\/5567":"https:\/\/ikmk.smb.museum\/ndp\/corporation\/5567"}}}}},"keywords":[{"ikmk_keyword_id":"53","keyword_de":"Architektur","keyword_gnd_uri":"http:\/\/d-nb.info\/gnd\/4002851-3","keyword_concept_uri":"http:\/\/vocab.getty.edu\/aat\/300263552"},{"ikmk_keyword_id":"50","keyword_de":"Christliche Ikonographie","keyword_gnd_uri":"http:\/\/d-nb.info\/gnd\/7502667-3","keyword_concept_uri":""},{"ikmk_keyword_id":"18","keyword_de":"Deutschland","keyword_gnd_uri":"http:\/\/d-nb.info\/gnd\/4011882-4","keyword_concept_uri":"http:\/\/vocab.getty.edu\/tgn\/7000084"},{"ikmk_keyword_id":"37","keyword_de":"Geistliche F\u00fcrsten","keyword_gnd_uri":"http:\/\/d-nb.info\/gnd\/4156371-2","keyword_concept_uri":"https:\/\/nomisma.org\/id\/clergy"},{"ikmk_keyword_id":"9","keyword_de":"Hochmittelalter, 10.-12. Jh.","keyword_gnd_uri":"http:\/\/d-nb.info\/gnd\/7503822-5","keyword_concept_uri":""},{"ikmk_keyword_id":"33","keyword_de":"K\u00f6nige (MA&NZ)","keyword_gnd_uri":"http:\/\/d-nb.info\/gnd\/4031516-2","keyword_concept_uri":""},{"ikmk_keyword_id":"2","keyword_de":"Mittelalter","keyword_gnd_uri":"http:\/\/d-nb.info\/gnd\/4129108-6","keyword_concept_uri":"http:\/\/vocab.getty.edu\/aat\/300020756"},{"ikmk_keyword_id":"69","keyword_de":"Silber","keyword_gnd_uri":"http:\/\/d-nb.info\/gnd\/4133759-1","keyword_concept_uri":"http:\/\/www.nomisma.org\/id\/ar"}],"timeline_themes":[{"ikmk_timeline_id":"94","timeline_item":"Deutschland im Hochmittelalter","description":"Das ostfr\u00e4nkisch-deutsche Reich war um 900 rechtsrheinisch eine Region ohne eigene M\u00fcnzpr\u00e4gung. Mit dem politischen Aufschwung unter den Ottonen (919-1024) und Saliern (1024-1125) verschob sich nicht nur die Grenze der M\u00fcnzgeldwirtschaft innerhalb weniger Jahrzehnte vom Rhein an die Elbe, sondern wurde das Reich der Ottonen und Salier zum Hauptm\u00fcnzproduzent in Europa. An der M\u00fcnzpr\u00e4gung wurde vom K\u00f6nigtum durch gezielte Privilegien die Reichskirche beteiligt. Neben den Emissionen, die sich durch Namensnennung K\u00f6nig, Geistlichkeit oder weltlichem Adel zuweisen lassen, spielen anonyme Emissionen eine gro\u00dfe Rolle, vor allem im Osten. Die aus Silber gepr\u00e4gten Denare (Pfennige) sahen \u00fcberall anders aus, so dass sich mehr als 3000 verschiedene M\u00fcnztypen feststellen lassen. An der Pr\u00e4gung waren ca. 160-180 M\u00fcnzst\u00e4tten beteiligt, davon etwa 25-30 kontinuierlich und mit gr\u00f6\u00dferem Produktionsvolumen.","year_from":"911","year_until":"1200","autor":"Kluge, Bernd"},{"ikmk_timeline_id":"122","timeline_item":"Deutsche K\u00f6nige und Kaiser des Mittelalters","description":"Nach dem Aussterben der ostfr\u00e4nkischen Karolinger ging die K\u00f6nigsw\u00fcrde durch die Wahl der F\u00fcrsten zun\u00e4chst an Konrad I. (911-918), Herzog von Franken, nach dessen Tod an den s\u00e4chsischen Herzog Heinrich I. (919-936) \u00fcber. Mit Heinrich I. beginnt \u00fcblicherweise die Z\u00e4hlung der deutschen K\u00f6nige. Heinrichs Sohn Otto I. (936-973) wurde 962 durch den Papst in Rom zum Kaiser gekr\u00f6nt. Seither haben fast alle deutschen K\u00f6nige des Mittelalters auch die Kaiserkrone getragen. Dazu war die Kr\u00f6nung durch den Papst in Rom erforderlich. Alle K\u00f6nige wurden durch Wahl der F\u00fcrsten bestimmt, auch wenn meist der Sohn auf den Vater folgte (Gebl\u00fctsrecht). Erst bei Aussterben einer Dynastie wurde das Wahlrecht der F\u00fcrsten voll wirksam. Seit 1356 (Goldene Bulle) ist die K\u00f6nigswahl Sache der  sieben Kurf\u00fcrsten des Reiches. Die bedeutendsten K\u00f6nigsdynastien waren die Ottonen (Liudolfinger, 919-1024), die Salier (1024-1125), die Staufer (1138-1250), die Luxemburger (1308-1313, 1346-1437) und die Habsburger (1273-1291 und von 1438 bis zur Aufl\u00f6sung des Reiches 1806).","year_from":"911","year_until":"1500","autor":"Kluge"},{"ikmk_timeline_id":"22","timeline_item":"Der Fernhandelsdenar","description":"Zu keiner Zeit sind so zahlreiche deutsche M\u00fcnzen nach Skandinavien, Polen, das Baltikum und Russland gelangt wie vom Ende des 10. bis zur ersten H\u00e4lfte des 12. Jhs. Zahlreiche Schatzfunde legen davon Zeugnis ab. Demgegen\u00fcber werden die deutschen Denare dieser Zeit im Inland nur vergleichsweise selten gefunden, so da\u00df man von einem M\u00fcnzexport in den Norden und Osten sprechen kann, der vor allem dem Fernhandel diente. Alle hier aufgef\u00fchrten M\u00fcnztypen sind in Funden Skandinaviens, Polens, des Baltikums oder Russlands aufgetreten.","year_from":"950","year_until":"1150","autor":"Kluge, Bernd"},{"ikmk_timeline_id":"81","timeline_item":"Erzbisch\u00f6fe, Bisch\u00f6fe, \u00c4bte","description":"Um die wirtschaftlichen und politischen Potenzen der Kirche f\u00fcr das Reich und das eigene Seelenheil zu nutzen, ist die Kirche durch die K\u00f6nige im 10. und 11. Jh. im Deutschen Reich  mit Schenkungen bedacht worden. Zu diesen Schenkungen geh\u00f6rte auch die Verleihung des M\u00fcnzrechts. Auf diese Weise sind nahezu alle Erzbist\u00fcmer, Bist\u00fcmer und Reichsabteien in den Besitz des M\u00fcnzrechts gelangt, das die meisten auch ausge\u00fcbt haben. Die bis in die Neuzeit reichenden geistlichen M\u00fcnzpr\u00e4gungen in Deutschland haben ihre Wurzeln im 10. Jh.","year_from":"950","year_until":"1500","autor":"Kluge, Bernd"}],"text_right":{"short":"CC BY-SA 4.0","icon":"https:\/\/licensebuttons.net\/l\/by-sa\/4.0\/80x15.png","url":{"de":"https:\/\/creativecommons.org\/licenses\/by-sa\/4.0\/deed.de","en":"https:\/\/creativecommons.org\/licenses\/by-sa\/4.0\/deed.en"},"label":{"de":"Creative Commons Namensnennung - Weitergabe unter gleichen Bedingungen 4.0 International","en":"Creative Commons Attribution-ShareAlike 4.0 International"},"string":{"de":"Texte und Beschreibungen in diesem Online-Katalog stehen unter einer <a href=\"https:\/\/creativecommons.org\/licenses\/by-sa\/4.0\/deed.de\" target=\"_blank\">CC BY-SA 4.0<\/a> Lizenz.","en":"Texts and descriptions of this catalogue are licensed <a href=\"https:\/\/creativecommons.org\/licenses\/by-sa\/4.0\/deed.de\" target=\"_blank\">CC BY-SA 4.0<\/a>."}},"lod_right":{"short":"PDM 1.0","icon":"https:\/\/licensebuttons.net\/p\/zero\/1.0\/80x15.png","url":{"de":"https:\/\/creativecommons.org\/publicdomain\/mark\/1.0\/deed.de","en":"https:\/\/creativecommons.org\/publicdomain\/mark\/1.0\/deed.en"},"label":{"de":"Public Domain Mark 1.0","en":"Public Domain Mark 1.0"},"string":{"de":"Verwendete LOD-Identifikatoren sind <a href=\"https:\/\/creativecommons.org\/publicdomain\/mark\/1.0\/deed.de\" target=\"_blank\">PDM 1.0<\/a>.","en":"LOD ids used are licensed <a href=\"https:\/\/creativecommons.org\/publicdomain\/mark\/1.0\/deed.en\" target=\"_blank\">Public Domain Mark 1.0<\/a>."}},"image_restriction_id":0,"image_restriction":"free","image_right":{"short":"PDM 1.0","icon":"https:\/\/licensebuttons.net\/p\/zero\/1.0\/80x15.png","url":{"de":"https:\/\/creativecommons.org\/publicdomain\/mark\/1.0\/deed.de","en":"https:\/\/creativecommons.org\/publicdomain\/mark\/1.0\/deed.en"},"label":{"de":"Public Domain Mark 1.0","en":"Public Domain Mark 1.0"}}}