{"language_default":"de","language_more":[],"ikmk_id":"749","eLearning_completed":"0","primary_source_id":"0","title":"Brunonen: Ekbert I.","inventory_number":"172b\/10","activated":"yes","item":{"ikmk_item_id":"1","ndp_uri":"https:\/\/ikmk.smb.museum\/ndp\/item\/1","item_de":"M\u00fcnze","item_en":"Coin","item_nomisma":"http:\/\/nomisma.org\/id\/coin"},"permalink":"https:\/\/www.virtuelles-muenzkabinett.de\/object?id=ID749","permalink_source":null,"publisher":{"ikmk_publisher_id":61,"ndp_uri":"https:\/\/ikmk.smb.museum\/ndp\/owner\/61","publisher_name":"Herzog Anton Ulrich-Museum","publisher_isil":"http:\/\/ld.zdb-services.de\/resource\/organisations\/DE-MUS-026819","publisher_isil_short":"DE-MUS-026819","UID":"http:\/\/ld.zdb-services.de\/resource\/organisations\/DE-MUS-026819\/ID749","legalBodyWeblink":"https:\/\/www.3landesmuseen.de\/Herzog-Anton-Ulrich-Museum.304.0.html","nomisma_address":"http:\/\/nomisma.org\/id\/hau_museum_braunschweig","author":"Leschhorn, Wolfgang"},"owner":{"ikmk_owner_id":"61","owner_name":"Braunschweig, Herzog Anton Ulrich-Museum","owner_isil":"http:\/\/ld.zdb-services.de\/resource\/organisations\/DE-MUS-026819","owner_isil_short":"DE-MUS-026819","owner_www_address":"https:\/\/www.virtuelles-muenzkabinett.de","nomisma_address":"http:\/\/nomisma.org\/id\/hau_museum_braunschweig","ndp_uri":"https:\/\/ikmk.smb.museum\/ndp\/owner\/61","owner_type":{"de":"Eigentum","en":"Property","ikmk_type_id":"2","ndp_uri":"https:\/\/ikmk.smb.museum\/ndp\/status_of_property\/2"}},"ikmk_status_id":"7","status":{"de":"vorhanden","en":"present","ikmk_status_id":"7","ndp_uri":"https:\/\/ikmk.smb.museum\/ndp\/object_status\/7"},"nominal":{"ikmk_nominal_id":"1304","nominal_de":"Denar (MA)","nominal_en":"Denarius (MA)","nominal_nomisma_id":"http:\/\/nomisma.org\/id\/medieval_denarius","nominal_gnd_id":"http:\/\/d-nb.info\/gnd\/4174023-3","info_de":"","info_en":"","ndp_uri":"https:\/\/ikmk.smb.museum\/ndp\/denomination\/1304"},"date_last":"2025-05-17 04:01:23","coin_status":[{"ikmk_coin_status_id":"24","coin_status_name_de":"Grafschaft","coin_status_name_en":"County\/Earldom","coin_status_nomisma_id":"http:\/\/nomisma.org\/id\/count","ndp_uri":"https:\/\/ikmk.smb.museum\/ndp\/class_status\/24"}],"mint":[{"ikmk_country_id":"54","country_ndp_url":"https:\/\/ikmk.smb.museum\/ndp\/country\/54","country_name_de":"Niederlande","country_name_en":"Netherlands","country_nomisma_id":"http:\/\/nomisma.org\/id\/kingdom_of_the_netherlands","country_geoname_id":"http:\/\/www.geonames.org\/2750405","ikmk_region_id":"306","region_ndp_uri":"https:\/\/ikmk.smb.museum\/ndp\/region\/306","region_name_de":"Friesland","region_name_en":"Frisia","region_nomisma_id":"","region_geoname_id":"http:\/\/www.geonames.org\/2755812","ikmk_mint_id":"2736","mint_ndp_uri":"https:\/\/ikmk.smb.museum\/ndp\/location\/2736","mint_name":"Leeuwarden","mint_name_de":"Leeuwarden","mint_name_en":null,"mint_nomisma_id":"","mint_geoname_id":"http:\/\/www.geonames.org\/2751792"}],"material":{"ikmk_material_id":"1","material_name_de":"Silber","material_name_en":"Silver","material_nomisma_id":"http:\/\/nomisma.org\/id\/ar","ndp_uri":"https:\/\/ikmk.smb.museum\/ndp\/material\/1"},"diameter":"17 mm","weight":"0.46 g","accession":"","access_year":"1897","access_type":{"ikmk_access_type_id":"1","access_type_name":"Kauf","access_type_nomisma_id":"","access_type_concept_id":"http:\/\/d-nb.info\/gnd\/4128692-3","ndp_uir":"https:\/\/ikmk.smb.museum\/ndp\/accession\/1"},"provenienz_extern":"Auktion Hess, Frankfurt 1897","acquisition_date":null,"avers":{"leg_trans":"","leg_text":"LINV - VART - NOTA","image_description":"Band mit der Aufschrift NOTA.","foto_date":"2014-03-24","photographer":{"ikmk_photographer_id":"2","photographer_name":"Raithel, Robert","photographer_gnd":"","photographer_viaf":""},"path_thumbnail":"https:\/\/www.virtuelles-muenzkabinett.de\/image\/ID749\/vs_opt.jpg","path_opt":"https:\/\/www.virtuelles-muenzkabinett.de\/image\/ID749\/vs_opt.jpg","path_opt_rel":"\/var\/www\/html\/mk-edit\/images\/n0\/749\/vs_opt.jpg","path":"https:\/\/www.virtuelles-muenzkabinett.de\/image\/ID749\/vs_org.jpg","path_org":"https:\/\/www.virtuelles-muenzkabinett.de\/image\/ID749\/vs_org.jpg","image_timestamp":1552242732,"copyright":{"short":"PDM 1.0","url":"https:\/\/creativecommons.org\/publicdomain\/mark\/1.0\/","de":"Bilddateien sind <a href=\"https:\/\/creativecommons.org\/publicdomain\/mark\/1.0\/deed.de\" target=\"_blank\">Public Domain Mark 1.0<\/a>. Braunschweig, Herzog Anton Ulrich-Museum, ID749. Aufnahme durch Raithel, Robert.","en":"Image files are licensed&nbsp;<a href=\"https:\/\/creativecommons.org\/publicdomain\/mark\/1.0\/deed.en\" target=\"_blank\">Public Domain Mark 1.0<\/a>. Braunschweig, Herzog Anton Ulrich-Museum, ID749. Photographs by Raithel, Robert."}},"revers":{"leg_trans":"","leg_text":"+ECBERTVS","image_description":"Kreuz, in den Winkeln Kugeln.","foto_date":"2014-03-24","photographer":{"ikmk_photographer_id":"2","photographer_name":"Raithel, Robert","photographer_gnd":"","photographer_viaf":""},"path_thumbnail":"https:\/\/www.virtuelles-muenzkabinett.de\/image\/ID749\/rs_opt.jpg","path_opt":"https:\/\/www.virtuelles-muenzkabinett.de\/image\/ID749\/rs_opt.jpg","path_opt_rel":"\/var\/www\/html\/mk-edit\/images\/n0\/749\/rs_opt.jpg","path":"https:\/\/www.virtuelles-muenzkabinett.de\/image\/ID749\/rs_org.jpg","path_org":"https:\/\/www.virtuelles-muenzkabinett.de\/image\/ID749\/rs_org.jpg","image_timestamp":1552242788,"copyright":{"short":"PDM 1.0","url":"https:\/\/creativecommons.org\/publicdomain\/mark\/1.0\/","de":"Bilddateien sind <a href=\"https:\/\/creativecommons.org\/publicdomain\/mark\/1.0\/deed.de\" target=\"_blank\">Public Domain Mark 1.0<\/a>. Braunschweig, Herzog Anton Ulrich-Museum, ID749. Aufnahme durch Raithel, Robert.","en":"Image files are licensed&nbsp;<a href=\"https:\/\/creativecommons.org\/publicdomain\/mark\/1.0\/deed.en\" target=\"_blank\">Public Domain Mark 1.0<\/a>. Braunschweig, Herzog Anton Ulrich-Museum, ID749. Photographs by Raithel, Robert."}},"division":{"ikmk_division_id":"2","division_name_de":"Mittelalter","division_name_en":"Medieval Period"},"sub_division":{"ikmk_subdivision_id":"19","subdivision_name_de":"Hochmittelalter","subdivision_name_en":"High Middle Ages"},"literatur":"W. Leschhorn, Mittelalterliche M\u00fcnzen (2015) Nr. 297 (dieses Exemplar); Ilisch 21.13.","comment":"","period":{"ikmk_period_id":"14","name_de":"Hochmittelalter","name_en":null,"description_de":"","description_en":null,"concept_id":"http:\/\/d-nb.info\/gnd\/7503822-5","ndp_uri":"https:\/\/ikmk.smb.museum\/ndp\/period\/14"},"year_start":"1038","year_end":"1068","date_verbal":"1038-1068","year_islam":"0","references":[{"ikmk_referenz_id":323,"souce":"HAUM Mittelalter","number":"0297","similar":"0"}],"manufacturing":[{"ikmk_manufacturing_id":"21","manufacturing_name_de":"gepr\u00e4gt","manufacturing_name_en":"struck","nomisma_id":"http:\/\/nomisma.org\/id\/struck","ndp_uri":"https:\/\/ikmk.smb.museum\/ndp\/manufacture\/21"}],"linked_persons_corporations":{"57":{"ikmk_type_id":"57","type_name_de":"Autorit\u00e4t","type_name_en":"Authority","type_nomisma_id":"http:\/\/nomisma.org\/id\/authority","type_concept_id":"http:\/\/d-nb.info\/gnd\/1051614252","ndp_id":"https:\/\/ikmk.smb.museum\/ndp\/type_for_person_and_corporation\/57","items":{"10066":{"ikmk_person_id":"10066","title_de":null,"first_name_de":null,"last_name_de":"Ekbert I. (1067-1068), Markgraf von Mei\u00dfen und Graf von Friesland","vitalDates":"um 1036-11.01.1068","title_en":null,"first_name_en":null,"last_name_en":"Ecbert I (1067-1068), margrave of Mei\u00dfen and count of Frisia","corporation":"0","lod":{"https:\/\/d-nb.info\/gnd\/137524706":"https:\/\/d-nb.info\/gnd\/137524706","https:\/\/en.wikipedia.org\/wiki\/Egbert_I,_Margrave_of_Meissen":"https:\/\/en.wikipedia.org\/wiki\/Egbert_I,_Margrave_of_Meissen","https:\/\/viaf.org\/viaf\/81704315":"https:\/\/viaf.org\/viaf\/81704315","https:\/\/www.wikidata.org\/wiki\/Q62523":"https:\/\/www.wikidata.org\/wiki\/Q62523","https:\/\/ikmk.smb.museum\/ndp\/person\/10066":"https:\/\/ikmk.smb.museum\/ndp\/person\/10066"}}}},"125":{"ikmk_type_id":"125","type_name_de":"Ver\u00e4u\u00dferer (an Museum)","type_name_en":"Vendor (to Museum)","type_nomisma_id":"","type_concept_id":"http:\/\/d-nb.info\/gnd\/4126928-7","ndp_id":"https:\/\/ikmk.smb.museum\/ndp\/type_for_person_and_corporation\/125","items":{"5567":{"ikmk_person_id":"5567","title_de":null,"first_name_de":null,"last_name_de":"Adolph Hess Nachfolger (Frankfurt am Main)","vitalDates":null,"title_en":null,"first_name_en":null,"last_name_en":"Adolph Hess Nachfolger (Frankfurt am Main)","corporation":"1","lod":{"https:\/\/d-nb.info\/gnd\/5010101-8":"https:\/\/d-nb.info\/gnd\/5010101-8","https:\/\/viaf.org\/viaf\/134399114":"https:\/\/viaf.org\/viaf\/134399114","https:\/\/ikmk.smb.museum\/ndp\/corporation\/5567":"https:\/\/ikmk.smb.museum\/ndp\/corporation\/5567"}}}}},"keywords":[{"ikmk_keyword_id":"50","keyword_de":"Christliche Ikonographie","keyword_gnd_uri":"http:\/\/d-nb.info\/gnd\/7502667-3","keyword_concept_uri":""},{"ikmk_keyword_id":"9","keyword_de":"Hochmittelalter, 10.-12. Jh.","keyword_gnd_uri":"http:\/\/d-nb.info\/gnd\/7503822-5","keyword_concept_uri":""},{"ikmk_keyword_id":"2","keyword_de":"Mittelalter","keyword_gnd_uri":"http:\/\/d-nb.info\/gnd\/4129108-6","keyword_concept_uri":"http:\/\/vocab.getty.edu\/aat\/300020756"},{"ikmk_keyword_id":"69","keyword_de":"Silber","keyword_gnd_uri":"http:\/\/d-nb.info\/gnd\/4133759-1","keyword_concept_uri":"http:\/\/www.nomisma.org\/id\/ar"},{"ikmk_keyword_id":"34","keyword_de":"Weltliche F\u00fcrsten","keyword_gnd_uri":"http:\/\/d-nb.info\/gnd\/4166473-5","keyword_concept_uri":""},{"ikmk_keyword_id":"19","keyword_de":"Westeuropa (ohne D)","keyword_gnd_uri":"http:\/\/d-nb.info\/gnd\/4079215-8","keyword_concept_uri":"http:\/\/vocab.getty.edu\/tgn\/4003761"}],"timeline_themes":[{"ikmk_timeline_id":"82","timeline_item":"Herz\u00f6ge, Grafen, F\u00fcrsten","description":"Das urspr\u00fcnglich nur dem K\u00f6nig bzw. Kaiser zustehende M\u00fcnzrecht ist seit dem 10. Jh. in Deutschland und Frankreich auch auf den weltlichen Adel \u00fcbergegangen, teils durch k\u00f6nigliche Delegation, teils infolge der Schw\u00e4che des K\u00f6nigtums durch  Usurpation und Gewohnheitsrecht. W\u00e4hrend in Frankreich die M\u00fcnzpr\u00e4gung des Adels durch das K\u00f6nigtum im Laufe der Zeit zur\u00fcckgedr\u00e4ngt und am Ende des Mittelalters ganz aufh\u00f6rte, ist sie im Gebiet des Deutschen Reiches zu einem festen Bestandteil des M\u00fcnzwesens geworden und im 13. Jh. durch das K\u00f6nigtum auch formal sanktioniert worden.","year_from":"900","year_until":"1500","autor":"Kluge, Bernd"},{"ikmk_timeline_id":"22","timeline_item":"Der Fernhandelsdenar","description":"Zu keiner Zeit sind so zahlreiche deutsche M\u00fcnzen nach Skandinavien, Polen, das Baltikum und Russland gelangt wie vom Ende des 10. bis zur ersten H\u00e4lfte des 12. Jhs. Zahlreiche Schatzfunde legen davon Zeugnis ab. Demgegen\u00fcber werden die deutschen Denare dieser Zeit im Inland nur vergleichsweise selten gefunden, so da\u00df man von einem M\u00fcnzexport in den Norden und Osten sprechen kann, der vor allem dem Fernhandel diente. Alle hier aufgef\u00fchrten M\u00fcnztypen sind in Funden Skandinaviens, Polens, des Baltikums oder Russlands aufgetreten.","year_from":"950","year_until":"1150","autor":"Kluge, Bernd"}],"text_right":{"short":"CC BY-SA 4.0","icon":"https:\/\/licensebuttons.net\/l\/by-sa\/4.0\/80x15.png","url":{"de":"https:\/\/creativecommons.org\/licenses\/by-sa\/4.0\/deed.de","en":"https:\/\/creativecommons.org\/licenses\/by-sa\/4.0\/deed.en"},"label":{"de":"Creative Commons Namensnennung - Weitergabe unter gleichen Bedingungen 4.0 International","en":"Creative Commons Attribution-ShareAlike 4.0 International"},"string":{"de":"Texte und Beschreibungen in diesem Online-Katalog stehen unter einer <a href=\"https:\/\/creativecommons.org\/licenses\/by-sa\/4.0\/deed.de\" target=\"_blank\">CC BY-SA 4.0<\/a> Lizenz.","en":"Texts and descriptions of this catalogue are licensed <a href=\"https:\/\/creativecommons.org\/licenses\/by-sa\/4.0\/deed.de\" target=\"_blank\">CC BY-SA 4.0<\/a>."}},"lod_right":{"short":"PDM 1.0","icon":"https:\/\/licensebuttons.net\/p\/zero\/1.0\/80x15.png","url":{"de":"https:\/\/creativecommons.org\/publicdomain\/mark\/1.0\/deed.de","en":"https:\/\/creativecommons.org\/publicdomain\/mark\/1.0\/deed.en"},"label":{"de":"Public Domain Mark 1.0","en":"Public Domain Mark 1.0"},"string":{"de":"Verwendete LOD-Identifikatoren sind <a href=\"https:\/\/creativecommons.org\/publicdomain\/mark\/1.0\/deed.de\" target=\"_blank\">PDM 1.0<\/a>.","en":"LOD ids used are licensed <a href=\"https:\/\/creativecommons.org\/publicdomain\/mark\/1.0\/deed.en\" target=\"_blank\">Public Domain Mark 1.0<\/a>."}},"image_restriction_id":0,"image_restriction":"free","image_right":{"short":"PDM 1.0","icon":"https:\/\/licensebuttons.net\/p\/zero\/1.0\/80x15.png","url":{"de":"https:\/\/creativecommons.org\/publicdomain\/mark\/1.0\/deed.de","en":"https:\/\/creativecommons.org\/publicdomain\/mark\/1.0\/deed.en"},"label":{"de":"Public Domain Mark 1.0","en":"Public Domain Mark 1.0"}}}