{"language_default":"de","language_more":[],"ikmk_id":"722","eLearning_completed":"0","primary_source_id":"0","title":"L\u00fcttich: Rudolf von Z\u00e4hringen","inventory_number":"166\/23","activated":"yes","item":{"ikmk_item_id":"1","ndp_uri":"https:\/\/ikmk.smb.museum\/ndp\/item\/1","item_de":"M\u00fcnze","item_en":"Coin","item_nomisma":"http:\/\/nomisma.org\/id\/coin"},"permalink":"https:\/\/www.virtuelles-muenzkabinett.de\/object?id=ID722","permalink_source":null,"publisher":{"ikmk_publisher_id":61,"ndp_uri":"https:\/\/ikmk.smb.museum\/ndp\/owner\/61","publisher_name":"Herzog Anton Ulrich-Museum","publisher_isil":"http:\/\/ld.zdb-services.de\/resource\/organisations\/DE-MUS-026819","publisher_isil_short":"DE-MUS-026819","UID":"http:\/\/ld.zdb-services.de\/resource\/organisations\/DE-MUS-026819\/ID722","legalBodyWeblink":"https:\/\/www.3landesmuseen.de\/Herzog-Anton-Ulrich-Museum.304.0.html","nomisma_address":"http:\/\/nomisma.org\/id\/hau_museum_braunschweig","author":"Leschhorn, Wolfgang"},"owner":{"ikmk_owner_id":"61","owner_name":"Braunschweig, Herzog Anton Ulrich-Museum","owner_isil":"http:\/\/ld.zdb-services.de\/resource\/organisations\/DE-MUS-026819","owner_isil_short":"DE-MUS-026819","owner_www_address":"https:\/\/www.virtuelles-muenzkabinett.de","nomisma_address":"http:\/\/nomisma.org\/id\/hau_museum_braunschweig","ndp_uri":"https:\/\/ikmk.smb.museum\/ndp\/owner\/61","owner_type":{"de":"Eigentum","en":"Property","ikmk_type_id":"2","ndp_uri":"https:\/\/ikmk.smb.museum\/ndp\/status_of_property\/2"}},"ikmk_status_id":"7","status":{"de":"vorhanden","en":"present","ikmk_status_id":"7","ndp_uri":"https:\/\/ikmk.smb.museum\/ndp\/object_status\/7"},"nominal":{"ikmk_nominal_id":"1304","nominal_de":"Denar (MA)","nominal_en":"Denarius (MA)","nominal_nomisma_id":"http:\/\/nomisma.org\/id\/medieval_denarius","nominal_gnd_id":"http:\/\/d-nb.info\/gnd\/4174023-3","info_de":"","info_en":"","ndp_uri":"https:\/\/ikmk.smb.museum\/ndp\/denomination\/1304"},"date_last":"2025-05-17 04:01:22","coin_status":[],"mint":[{"ikmk_country_id":"10","country_ndp_url":"https:\/\/ikmk.smb.museum\/ndp\/country\/10","country_name_de":"Belgien","country_name_en":"Belgium","country_nomisma_id":"","country_geoname_id":"http:\/\/www.geonames.org\/2802361","ikmk_region_id":"33","region_ndp_uri":"https:\/\/ikmk.smb.museum\/ndp\/region\/33","region_name_de":"Li\u00e8ge","region_name_en":"Li\u00e8ge","region_nomisma_id":"","region_geoname_id":"http:\/\/www.geonames.org\/2792411","ikmk_mint_id":"50","mint_ndp_uri":"https:\/\/ikmk.smb.museum\/ndp\/location\/50","mint_name":"Huy","mint_name_de":"Huy","mint_name_en":null,"mint_nomisma_id":"","mint_geoname_id":"http:\/\/www.geonames.org\/2795113"}],"material":{"ikmk_material_id":"1","material_name_de":"Silber","material_name_en":"Silver","material_nomisma_id":"http:\/\/nomisma.org\/id\/ar","ndp_uri":"https:\/\/ikmk.smb.museum\/ndp\/material\/1"},"diameter":"14 mm","weight":"0.83 g","accession":"","access_year":"","provenienz_extern":"","acquisition_date":null,"avers":{"leg_trans":"","leg_text":"ROF","image_description":"Bischofsb\u00fcste nach halbrechts. Rechts davor Bischofsstab und Kopf nach links.","foto_date":"2014-03-24","photographer":{"ikmk_photographer_id":"2","photographer_name":"Raithel, Robert","photographer_gnd":"","photographer_viaf":""},"path_thumbnail":"https:\/\/www.virtuelles-muenzkabinett.de\/image\/ID722\/vs_opt.jpg","path_opt":"https:\/\/www.virtuelles-muenzkabinett.de\/image\/ID722\/vs_opt.jpg","path_opt_rel":"\/var\/www\/html\/mk-edit\/images\/n0\/722\/vs_opt.jpg","path":"https:\/\/www.virtuelles-muenzkabinett.de\/image\/ID722\/vs_org.jpg","path_org":"https:\/\/www.virtuelles-muenzkabinett.de\/image\/ID722\/vs_org.jpg","image_timestamp":1552129638,"copyright":{"short":"PDM 1.0","url":"https:\/\/creativecommons.org\/publicdomain\/mark\/1.0\/","de":"Bilddateien sind <a href=\"https:\/\/creativecommons.org\/publicdomain\/mark\/1.0\/deed.de\" target=\"_blank\">Public Domain Mark 1.0<\/a>. Braunschweig, Herzog Anton Ulrich-Museum, ID722. Aufnahme durch Raithel, Robert.","en":"Image files are licensed&nbsp;<a href=\"https:\/\/creativecommons.org\/publicdomain\/mark\/1.0\/deed.en\" target=\"_blank\">Public Domain Mark 1.0<\/a>. Braunschweig, Herzog Anton Ulrich-Museum, ID722. Photographs by Raithel, Robert."}},"revers":{"leg_trans":"","leg_text":"[PE]RRV[OS","image_description":"Kreuz auf drei Stufen (Perron), links davon Kopf mit erhobenem Finger nach rechts, rechts Kopf mit Stab nach rechts. Unten im Abschnitt Drache?.","foto_date":"2014-03-24","photographer":{"ikmk_photographer_id":"2","photographer_name":"Raithel, Robert","photographer_gnd":"","photographer_viaf":""},"path_thumbnail":"https:\/\/www.virtuelles-muenzkabinett.de\/image\/ID722\/rs_opt.jpg","path_opt":"https:\/\/www.virtuelles-muenzkabinett.de\/image\/ID722\/rs_opt.jpg","path_opt_rel":"\/var\/www\/html\/mk-edit\/images\/n0\/722\/rs_opt.jpg","path":"https:\/\/www.virtuelles-muenzkabinett.de\/image\/ID722\/rs_org.jpg","path_org":"https:\/\/www.virtuelles-muenzkabinett.de\/image\/ID722\/rs_org.jpg","image_timestamp":1552129697,"copyright":{"short":"PDM 1.0","url":"https:\/\/creativecommons.org\/publicdomain\/mark\/1.0\/","de":"Bilddateien sind <a href=\"https:\/\/creativecommons.org\/publicdomain\/mark\/1.0\/deed.de\" target=\"_blank\">Public Domain Mark 1.0<\/a>. Braunschweig, Herzog Anton Ulrich-Museum, ID722. Aufnahme durch Raithel, Robert.","en":"Image files are licensed&nbsp;<a href=\"https:\/\/creativecommons.org\/publicdomain\/mark\/1.0\/deed.en\" target=\"_blank\">Public Domain Mark 1.0<\/a>. Braunschweig, Herzog Anton Ulrich-Museum, ID722. Photographs by Raithel, Robert."}},"division":{"ikmk_division_id":"2","division_name_de":"Mittelalter","division_name_en":"Medieval Period"},"sub_division":{"ikmk_subdivision_id":"19","subdivision_name_de":"Hochmittelalter","subdivision_name_en":"High Middle Ages"},"literatur":"W. Leschhorn, Mittelalterliche M\u00fcnzen (2015) Nr. 241 (dieses Exemplar); De Wit Coll. 1217; Nau 179.2; Vanhoudt G 803.","comment":"Unter dem \u201ePerron\u201c wurden die Dekrete der Bisch\u00f6fe von L\u00fcttich publiziert. Die Bewohner von L\u00fcttich betrachteten es als Freiheitssymbol. Der unten dargestellte Drache gilt als Symbol der H\u00e4resie.","period":{"ikmk_period_id":"14","name_de":"Hochmittelalter","name_en":null,"description_de":"","description_en":null,"concept_id":"http:\/\/d-nb.info\/gnd\/7503822-5","ndp_uri":"https:\/\/ikmk.smb.museum\/ndp\/period\/14"},"year_start":"1167","year_end":"1191","date_verbal":"1167-1191","year_islam":"0","references":[{"ikmk_referenz_id":323,"souce":"HAUM Mittelalter","number":"0241","similar":"0"}],"manufacturing":[{"ikmk_manufacturing_id":"21","manufacturing_name_de":"gepr\u00e4gt","manufacturing_name_en":"struck","nomisma_id":"http:\/\/nomisma.org\/id\/struck","ndp_uri":"https:\/\/ikmk.smb.museum\/ndp\/manufacture\/21"}],"linked_persons_corporations":{"54":{"ikmk_type_id":"54","type_name_de":"Dargestellte\/r","type_name_en":"Sitter","type_nomisma_id":"http:\/\/nomisma.org\/id\/portrait","type_concept_id":"http:\/\/vocab.getty.edu\/aat\/300189844","ndp_id":"https:\/\/ikmk.smb.museum\/ndp\/type_for_person_and_corporation\/54","items":{"9010":{"ikmk_person_id":"9010","title_de":null,"first_name_de":null,"last_name_de":"Rudolf von Z\u00e4hringen (1167-1191), 1160 Erzbischof von Mainz, Bischof von L\u00fcttich","vitalDates":"um 1135-05.08.1191","title_en":null,"first_name_en":null,"last_name_en":"Rudolf of Z\u00e4hringen (1167-1191), 1160 archbishop of Mainz, bishop of Li\u00e8ge","corporation":"0","lod":{"https:\/\/d-nb.info\/gnd\/136456383":"https:\/\/d-nb.info\/gnd\/136456383","https:\/\/viaf.org\/viaf\/80796579":"https:\/\/viaf.org\/viaf\/80796579","https:\/\/www.wikidata.org\/wiki\/Q69317":"https:\/\/www.wikidata.org\/wiki\/Q69317","https:\/\/ikmk.smb.museum\/ndp\/person\/9010":"https:\/\/ikmk.smb.museum\/ndp\/person\/9010"}}}},"57":{"ikmk_type_id":"57","type_name_de":"Autorit\u00e4t","type_name_en":"Authority","type_nomisma_id":"http:\/\/nomisma.org\/id\/authority","type_concept_id":"http:\/\/d-nb.info\/gnd\/1051614252","ndp_id":"https:\/\/ikmk.smb.museum\/ndp\/type_for_person_and_corporation\/57","items":{"9010":{"ikmk_person_id":"9010","title_de":null,"first_name_de":null,"last_name_de":"Rudolf von Z\u00e4hringen (1167-1191), 1160 Erzbischof von Mainz, Bischof von L\u00fcttich","vitalDates":"um 1135-05.08.1191","title_en":null,"first_name_en":null,"last_name_en":"Rudolf of Z\u00e4hringen (1167-1191), 1160 archbishop of Mainz, bishop of Li\u00e8ge","corporation":"0","lod":{"https:\/\/d-nb.info\/gnd\/136456383":"https:\/\/d-nb.info\/gnd\/136456383","https:\/\/viaf.org\/viaf\/80796579":"https:\/\/viaf.org\/viaf\/80796579","https:\/\/www.wikidata.org\/wiki\/Q69317":"https:\/\/www.wikidata.org\/wiki\/Q69317","https:\/\/ikmk.smb.museum\/ndp\/person\/9010":"https:\/\/ikmk.smb.museum\/ndp\/person\/9010"}}}}},"keywords":[{"ikmk_keyword_id":"50","keyword_de":"Christliche Ikonographie","keyword_gnd_uri":"http:\/\/d-nb.info\/gnd\/7502667-3","keyword_concept_uri":""},{"ikmk_keyword_id":"37","keyword_de":"Geistliche F\u00fcrsten","keyword_gnd_uri":"http:\/\/d-nb.info\/gnd\/4156371-2","keyword_concept_uri":"https:\/\/nomisma.org\/id\/clergy"},{"ikmk_keyword_id":"44","keyword_de":"Herrscherrepr\u00e4sentation","keyword_gnd_uri":"","keyword_concept_uri":""},{"ikmk_keyword_id":"9","keyword_de":"Hochmittelalter, 10.-12. Jh.","keyword_gnd_uri":"http:\/\/d-nb.info\/gnd\/7503822-5","keyword_concept_uri":""},{"ikmk_keyword_id":"2","keyword_de":"Mittelalter","keyword_gnd_uri":"http:\/\/d-nb.info\/gnd\/4129108-6","keyword_concept_uri":"http:\/\/vocab.getty.edu\/aat\/300020756"},{"ikmk_keyword_id":"43","keyword_de":"Portr\u00e4ts","keyword_gnd_uri":"http:\/\/d-nb.info\/gnd\/4006627-7","keyword_concept_uri":"http:\/\/vocab.getty.edu\/aat\/300015637"},{"ikmk_keyword_id":"69","keyword_de":"Silber","keyword_gnd_uri":"http:\/\/d-nb.info\/gnd\/4133759-1","keyword_concept_uri":"http:\/\/www.nomisma.org\/id\/ar"},{"ikmk_keyword_id":"19","keyword_de":"Westeuropa (ohne D)","keyword_gnd_uri":"http:\/\/d-nb.info\/gnd\/4079215-8","keyword_concept_uri":"http:\/\/vocab.getty.edu\/tgn\/4003761"}],"timeline_themes":[{"ikmk_timeline_id":"81","timeline_item":"Erzbisch\u00f6fe, Bisch\u00f6fe, \u00c4bte","description":"Um die wirtschaftlichen und politischen Potenzen der Kirche f\u00fcr das Reich und das eigene Seelenheil zu nutzen, ist die Kirche durch die K\u00f6nige im 10. und 11. Jh. im Deutschen Reich  mit Schenkungen bedacht worden. Zu diesen Schenkungen geh\u00f6rte auch die Verleihung des M\u00fcnzrechts. Auf diese Weise sind nahezu alle Erzbist\u00fcmer, Bist\u00fcmer und Reichsabteien in den Besitz des M\u00fcnzrechts gelangt, das die meisten auch ausge\u00fcbt haben. Die bis in die Neuzeit reichenden geistlichen M\u00fcnzpr\u00e4gungen in Deutschland haben ihre Wurzeln im 10. Jh.","year_from":"950","year_until":"1500","autor":"Kluge, Bernd"},{"ikmk_timeline_id":"31","timeline_item":"Brakteaten und Denare","description":"Im 12. und 13. Jh. gaben in Deutschland nicht nur der K\u00f6nig, sondern beinahe jeder Bischof oder Abt, Herzog, Graf oder sonstige Landesherr f\u00fcr sein Gebiet eigene M\u00fcnzen aus. Die Folge sind eine kaum \u00fcberblickbare Anzahl verschiedener M\u00fcnzen und W\u00e4hrungen, die aus mehr als 400 M\u00fcnzst\u00e4tten stammen. Es blieb zwar beim silbernen Pfennig (Denar) als einzigem Geldwert, doch entwickelten sich seit der ersten H\u00e4lfte des 12. Jhs. zwei Formen des Pfenniggeldes. Der Westen (Rheinlande) blieb bei den traditionellen zweiseitigen Denaren, Mittel- und Ostdeutschland gingen zu sehr d\u00fcnnen, nur noch einseitig gepr\u00e4gten Pfennigen, den Brakteaten \u00fcber (von lat. bractea \u2013 d\u00fcnnes Blech). Ende des 12. Jhs. \u00fcbernahm auch S\u00fcddeutschland die Brakteatenform. Die kunstvoll gestalteten Brakteatenbilder zeigen im 12. Jh. eine seit der Antike nicht wieder erreichte Bl\u00fcte der Stempelschneidekunst, mit der es im 13. Jh. ebenso rasch wieder zu Ende war. Da Brakteaten nur kurzzeitig (in der Regel ein Jahr) und nur in sehr engen Grenzen g\u00fcltig waren, sind sie in besonders vielen verschiedenen Typen bekannt. F\u00fcr eine weitgehend schriftunkundige Bev\u00f6lkerung musste sich das neue vom alten Geld durch das Bild deutlich unterscheiden, w\u00e4hrend die Schriftinformation dabei eine nur untergeordnete Rolle spielte. Zahlreiche Brakteaten sind deshalb schriftlos (\u201estumme Brakteaten\u201c).","year_from":"1150","year_until":"1250","autor":"Kluge, Bernd"}],"text_right":{"short":"CC BY-SA 4.0","icon":"https:\/\/licensebuttons.net\/l\/by-sa\/4.0\/80x15.png","url":{"de":"https:\/\/creativecommons.org\/licenses\/by-sa\/4.0\/deed.de","en":"https:\/\/creativecommons.org\/licenses\/by-sa\/4.0\/deed.en"},"label":{"de":"Creative Commons Namensnennung - Weitergabe unter gleichen Bedingungen 4.0 International","en":"Creative Commons Attribution-ShareAlike 4.0 International"},"string":{"de":"Texte und Beschreibungen in diesem Online-Katalog stehen unter einer <a href=\"https:\/\/creativecommons.org\/licenses\/by-sa\/4.0\/deed.de\" target=\"_blank\">CC BY-SA 4.0<\/a> Lizenz.","en":"Texts and descriptions of this catalogue are licensed <a href=\"https:\/\/creativecommons.org\/licenses\/by-sa\/4.0\/deed.de\" target=\"_blank\">CC BY-SA 4.0<\/a>."}},"lod_right":{"short":"PDM 1.0","icon":"https:\/\/licensebuttons.net\/p\/zero\/1.0\/80x15.png","url":{"de":"https:\/\/creativecommons.org\/publicdomain\/mark\/1.0\/deed.de","en":"https:\/\/creativecommons.org\/publicdomain\/mark\/1.0\/deed.en"},"label":{"de":"Public Domain Mark 1.0","en":"Public Domain Mark 1.0"},"string":{"de":"Verwendete LOD-Identifikatoren sind <a href=\"https:\/\/creativecommons.org\/publicdomain\/mark\/1.0\/deed.de\" target=\"_blank\">PDM 1.0<\/a>.","en":"LOD ids used are licensed <a href=\"https:\/\/creativecommons.org\/publicdomain\/mark\/1.0\/deed.en\" target=\"_blank\">Public Domain Mark 1.0<\/a>."}},"image_restriction_id":0,"image_restriction":"free","image_right":{"short":"PDM 1.0","icon":"https:\/\/licensebuttons.net\/p\/zero\/1.0\/80x15.png","url":{"de":"https:\/\/creativecommons.org\/publicdomain\/mark\/1.0\/deed.de","en":"https:\/\/creativecommons.org\/publicdomain\/mark\/1.0\/deed.en"},"label":{"de":"Public Domain Mark 1.0","en":"Public Domain Mark 1.0"}}}