{"language_default":"de","language_more":[],"ikmk_id":"712","eLearning_completed":"0","primary_source_id":"0","title":"Flandern: Karl der K\u00fchne","inventory_number":"169\/14","activated":"yes","item":{"ikmk_item_id":"1","ndp_uri":"https:\/\/ikmk.smb.museum\/ndp\/item\/1","item_de":"M\u00fcnze","item_en":"Coin","item_nomisma":"http:\/\/nomisma.org\/id\/coin"},"permalink":"https:\/\/www.virtuelles-muenzkabinett.de\/object?id=ID712","permalink_source":null,"publisher":{"ikmk_publisher_id":61,"ndp_uri":"https:\/\/ikmk.smb.museum\/ndp\/owner\/61","publisher_name":"Herzog Anton Ulrich-Museum","publisher_isil":"http:\/\/ld.zdb-services.de\/resource\/organisations\/DE-MUS-026819","publisher_isil_short":"DE-MUS-026819","UID":"http:\/\/ld.zdb-services.de\/resource\/organisations\/DE-MUS-026819\/ID712","legalBodyWeblink":"https:\/\/www.3landesmuseen.de\/Herzog-Anton-Ulrich-Museum.304.0.html","nomisma_address":"http:\/\/nomisma.org\/id\/hau_museum_braunschweig","author":"Leschhorn, Wolfgang"},"owner":{"ikmk_owner_id":"61","owner_name":"Braunschweig, Herzog Anton Ulrich-Museum","owner_isil":"http:\/\/ld.zdb-services.de\/resource\/organisations\/DE-MUS-026819","owner_isil_short":"DE-MUS-026819","owner_www_address":"https:\/\/www.virtuelles-muenzkabinett.de","nomisma_address":"http:\/\/nomisma.org\/id\/hau_museum_braunschweig","ndp_uri":"https:\/\/ikmk.smb.museum\/ndp\/owner\/61","owner_type":{"de":"Eigentum","en":"Property","ikmk_type_id":"2","ndp_uri":"https:\/\/ikmk.smb.museum\/ndp\/status_of_property\/2"}},"ikmk_status_id":"7","status":{"de":"vorhanden","en":"present","ikmk_status_id":"7","ndp_uri":"https:\/\/ikmk.smb.museum\/ndp\/object_status\/7"},"nominal":{"ikmk_nominal_id":"311","nominal_de":"2 Patard","nominal_en":"2 Patard","nominal_nomisma_id":"","nominal_gnd_id":null,"info_de":null,"info_en":null,"ndp_uri":"https:\/\/ikmk.smb.museum\/ndp\/denomination\/311"},"date_last":"2025-05-17 04:01:22","coin_status":[{"ikmk_coin_status_id":"24","coin_status_name_de":"Grafschaft","coin_status_name_en":"County\/Earldom","coin_status_nomisma_id":"http:\/\/nomisma.org\/id\/count","ndp_uri":"https:\/\/ikmk.smb.museum\/ndp\/class_status\/24"}],"mint":[{"ikmk_country_id":"10","country_ndp_url":"https:\/\/ikmk.smb.museum\/ndp\/country\/10","country_name_de":"Belgien","country_name_en":"Belgium","country_nomisma_id":"","country_geoname_id":"http:\/\/www.geonames.org\/2802361","ikmk_region_id":"32","region_ndp_uri":"https:\/\/ikmk.smb.museum\/ndp\/region\/32","region_name_de":"Flandern","region_name_en":"Flanders","region_nomisma_id":"","region_geoname_id":"http:\/\/www.geonames.org\/3337388","ikmk_mint_id":"1142","mint_ndp_uri":"https:\/\/ikmk.smb.museum\/ndp\/location\/1142","mint_name":"Br\u00fcgge?","mint_name_de":"Br\u00fcgge?","mint_name_en":"Bruges?","mint_nomisma_id":"","mint_geoname_id":"http:\/\/www.geonames.org\/2800931"},{"ikmk_country_id":"10","country_ndp_url":"https:\/\/ikmk.smb.museum\/ndp\/country\/10","country_name_de":"Belgien","country_name_en":"Belgium","country_nomisma_id":"","country_geoname_id":"http:\/\/www.geonames.org\/2802361","ikmk_region_id":"32","region_ndp_uri":"https:\/\/ikmk.smb.museum\/ndp\/region\/32","region_name_de":"Flandern","region_name_en":"Flanders","region_nomisma_id":"","region_geoname_id":"http:\/\/www.geonames.org\/3337388","ikmk_mint_id":"2726","mint_ndp_uri":"https:\/\/ikmk.smb.museum\/ndp\/location\/2726","mint_name":"Louvain (Leuven, L\u00f6wen)?","mint_name_de":"Louvain (Leuven, L\u00f6wen)?","mint_name_en":null,"mint_nomisma_id":"","mint_geoname_id":"http:\/\/www.geonames.org\/2792482"}],"material":{"ikmk_material_id":"1","material_name_de":"Silber","material_name_en":"Silver","material_nomisma_id":"http:\/\/nomisma.org\/id\/ar","ndp_uri":"https:\/\/ikmk.smb.museum\/ndp\/material\/1"},"diameter":"27 mm","weight":"3.08 g","accession":"","access_year":"","provenienz_extern":"","acquisition_date":null,"avers":{"leg_trans":"","leg_text":"KAROLVS DEI GRA DVX BVRG CO FLA","image_description":"Wappenschild.","foto_date":"2014-03-24","photographer":{"ikmk_photographer_id":"2","photographer_name":"Raithel, Robert","photographer_gnd":"","photographer_viaf":""},"path_thumbnail":"https:\/\/www.virtuelles-muenzkabinett.de\/image\/ID712\/vs_opt.jpg","path_opt":"https:\/\/www.virtuelles-muenzkabinett.de\/image\/ID712\/vs_opt.jpg","path_opt_rel":"\/var\/www\/html\/mk-edit\/images\/n0\/712\/vs_opt.jpg","path":"https:\/\/www.virtuelles-muenzkabinett.de\/image\/ID712\/vs_org.jpg","path_org":"https:\/\/www.virtuelles-muenzkabinett.de\/image\/ID712\/vs_org.jpg","image_timestamp":1552065407,"copyright":{"short":"PDM 1.0","url":"https:\/\/creativecommons.org\/publicdomain\/mark\/1.0\/","de":"Bilddateien sind <a href=\"https:\/\/creativecommons.org\/publicdomain\/mark\/1.0\/deed.de\" target=\"_blank\">Public Domain Mark 1.0<\/a>. Braunschweig, Herzog Anton Ulrich-Museum, ID712. Aufnahme durch Raithel, Robert.","en":"Image files are licensed&nbsp;<a href=\"https:\/\/creativecommons.org\/publicdomain\/mark\/1.0\/deed.en\" target=\"_blank\">Public Domain Mark 1.0<\/a>. Braunschweig, Herzog Anton Ulrich-Museum, ID712. Photographs by Raithel, Robert."}},"revers":{"leg_trans":"","leg_text":"SIT NOMEN DOMINI BENEDICTVM","image_description":"Blumenkreuz, in der Mitte Lilie.","foto_date":"2014-03-24","photographer":{"ikmk_photographer_id":"2","photographer_name":"Raithel, Robert","photographer_gnd":"","photographer_viaf":""},"path_thumbnail":"https:\/\/www.virtuelles-muenzkabinett.de\/image\/ID712\/rs_opt.jpg","path_opt":"https:\/\/www.virtuelles-muenzkabinett.de\/image\/ID712\/rs_opt.jpg","path_opt_rel":"\/var\/www\/html\/mk-edit\/images\/n0\/712\/rs_opt.jpg","path":"https:\/\/www.virtuelles-muenzkabinett.de\/image\/ID712\/rs_org.jpg","path_org":"https:\/\/www.virtuelles-muenzkabinett.de\/image\/ID712\/rs_org.jpg","image_timestamp":1552065454,"copyright":{"short":"PDM 1.0","url":"https:\/\/creativecommons.org\/publicdomain\/mark\/1.0\/","de":"Bilddateien sind <a href=\"https:\/\/creativecommons.org\/publicdomain\/mark\/1.0\/deed.de\" target=\"_blank\">Public Domain Mark 1.0<\/a>. Braunschweig, Herzog Anton Ulrich-Museum, ID712. Aufnahme durch Raithel, Robert.","en":"Image files are licensed&nbsp;<a href=\"https:\/\/creativecommons.org\/publicdomain\/mark\/1.0\/deed.en\" target=\"_blank\">Public Domain Mark 1.0<\/a>. Braunschweig, Herzog Anton Ulrich-Museum, ID712. Photographs by Raithel, Robert."}},"division":{"ikmk_division_id":"2","division_name_de":"Mittelalter","division_name_en":"Medieval Period"},"sub_division":{"ikmk_subdivision_id":"27","subdivision_name_de":"Sp\u00e4tmittelalter","subdivision_name_en":"Late Middle Ages"},"literatur":"W. Leschhorn, Mittelalterliche M\u00fcnzen (2015) Nr. 223 (dieses Exemplar); Boudeau 2267; Den Duyts 211.","comment":"Viele der s\u00fcdniederl\u00e4ndischen Groschen trugen Namen, die aus den M\u00fcnzbildern abgeleitet waren. Der St\u00fcver (s\u00fcdniederl\u00e4ndisch Patard) hatte seinen Namen von dem funkenspr\u00fchenden Feuereisen (stuiven = (Funken) stieben) auf fr\u00fcheren M\u00fcnzen dieses Nominals.","period":{"ikmk_period_id":"17","name_de":"Sp\u00e4tmittelalter","name_en":null,"description_de":"","description_en":null,"concept_id":"http:\/\/d-nb.info\/gnd\/7503823-7","ndp_uri":"https:\/\/ikmk.smb.museum\/ndp\/period\/17"},"year_start":"1467","year_end":"1477","date_verbal":"1466-1477","year_islam":"0","references":[{"ikmk_referenz_id":323,"souce":"HAUM Mittelalter","number":"0223","similar":"0"}],"manufacturing":[{"ikmk_manufacturing_id":"21","manufacturing_name_de":"gepr\u00e4gt","manufacturing_name_en":"struck","nomisma_id":"http:\/\/nomisma.org\/id\/struck","ndp_uri":"https:\/\/ikmk.smb.museum\/ndp\/manufacture\/21"}],"linked_persons_corporations":{"57":{"ikmk_type_id":"57","type_name_de":"Autorit\u00e4t","type_name_en":"Authority","type_nomisma_id":"http:\/\/nomisma.org\/id\/authority","type_concept_id":"http:\/\/d-nb.info\/gnd\/1051614252","ndp_id":"https:\/\/ikmk.smb.museum\/ndp\/type_for_person_and_corporation\/57","items":{"975":{"ikmk_person_id":"975","title_de":null,"first_name_de":null,"last_name_de":"Karl der K\u00fchne (1467-1477), Herzog von Burgund und Luxemburg","vitalDates":"10.11.1433 - 05.01.1477","title_en":null,"first_name_en":null,"last_name_en":"Charles the Bold (1467-1477), duke of  Burgundy and Luxembourg","corporation":"0","lod":{"https:\/\/d-nb.info\/gnd\/118560026":"https:\/\/d-nb.info\/gnd\/118560026","https:\/\/en.wikipedia.org\/wiki\/Charles_the_Bold":"https:\/\/en.wikipedia.org\/wiki\/Charles_the_Bold","https:\/\/viaf.org\/viaf\/84075206":"https:\/\/viaf.org\/viaf\/84075206","https:\/\/www.britishmuseum.org\/collection\/term\/BIOG22554":"https:\/\/www.britishmuseum.org\/collection\/term\/BIOG22554","https:\/\/www.wikidata.org\/wiki\/Q151120":"https:\/\/www.wikidata.org\/wiki\/Q151120","https:\/\/ikmk.smb.museum\/ndp\/person\/975":"https:\/\/ikmk.smb.museum\/ndp\/person\/975"}}}}},"keywords":[{"ikmk_keyword_id":"11","keyword_de":"15. Jh.","keyword_gnd_uri":"","keyword_concept_uri":"http:\/\/vocab.getty.edu\/aat\/300404465"},{"ikmk_keyword_id":"80","keyword_de":"Heraldik und Wappen","keyword_gnd_uri":"http:\/\/d-nb.info\/gnd\/4072428-1","keyword_concept_uri":"http:\/\/vocab.getty.edu\/aat\/300077808"},{"ikmk_keyword_id":"2","keyword_de":"Mittelalter","keyword_gnd_uri":"http:\/\/d-nb.info\/gnd\/4129108-6","keyword_concept_uri":"http:\/\/vocab.getty.edu\/aat\/300020756"},{"ikmk_keyword_id":"52","keyword_de":"Pflanzen","keyword_gnd_uri":"","keyword_concept_uri":""},{"ikmk_keyword_id":"69","keyword_de":"Silber","keyword_gnd_uri":"http:\/\/d-nb.info\/gnd\/4133759-1","keyword_concept_uri":"http:\/\/www.nomisma.org\/id\/ar"},{"ikmk_keyword_id":"10","keyword_de":"Sp\u00e4tmittelalter, 13.-15. Jh.","keyword_gnd_uri":"http:\/\/d-nb.info\/gnd\/7503823-7","keyword_concept_uri":"http:\/\/vocab.getty.edu\/aat\/300111307"},{"ikmk_keyword_id":"19","keyword_de":"Westeuropa (ohne D)","keyword_gnd_uri":"http:\/\/d-nb.info\/gnd\/4079215-8","keyword_concept_uri":"http:\/\/vocab.getty.edu\/tgn\/4003761"}],"timeline_themes":[{"ikmk_timeline_id":"82","timeline_item":"Herz\u00f6ge, Grafen, F\u00fcrsten","description":"Das urspr\u00fcnglich nur dem K\u00f6nig bzw. Kaiser zustehende M\u00fcnzrecht ist seit dem 10. Jh. in Deutschland und Frankreich auch auf den weltlichen Adel \u00fcbergegangen, teils durch k\u00f6nigliche Delegation, teils infolge der Schw\u00e4che des K\u00f6nigtums durch  Usurpation und Gewohnheitsrecht. W\u00e4hrend in Frankreich die M\u00fcnzpr\u00e4gung des Adels durch das K\u00f6nigtum im Laufe der Zeit zur\u00fcckgedr\u00e4ngt und am Ende des Mittelalters ganz aufh\u00f6rte, ist sie im Gebiet des Deutschen Reiches zu einem festen Bestandteil des M\u00fcnzwesens geworden und im 13. Jh. durch das K\u00f6nigtum auch formal sanktioniert worden.","year_from":"900","year_until":"1500","autor":"Kluge, Bernd"},{"ikmk_timeline_id":"89","timeline_item":"Pfennig, Sterling, Groschen","description":"Vom 8. bis zum 12. Jh. gab es in Europa nur einen einzigen M\u00fcnzwert, den Pfennig (lat. Denar), der sich von etwa 1,7 g Gewicht im 8. Jh. auf teilweise weniger als 0,5 g im 12. Jh. verringert hatte. Mit dem 1180 in England eingef\u00fchrten Sterling existierte eine schwere Pfennigm\u00fcnze, die andernorts in Europa vier und mehr Pfennige wert war. Die dadurch eingeleitete Differenzierung des Pfenniggeldes f\u00fchrte um 1200 in Italien, wo die Pfennige besonders geringwertig waren, zur Ausgabe von h\u00f6herwertigen Silberm\u00fcnzen, f\u00fcr die sich wegen ihrer Gr\u00f6\u00dfe und Dicke allgemein und unah\u00e4ngig vom konkreten Wert die Bezeichnung grossus (Groschen) einb\u00fcrgerte. Groschengeld unterschiedlichster Art und Benennung ist im Sp\u00e4tmittelalter fast \u00fcberall in Europa gem\u00fcnzt worden, wobei eine Groschenm\u00fcnze in der Regel mindestens vier, selten mehr als 12 Pfennige galt.","year_from":"1200","year_until":"1500","autor":"Kluge, Bernd"}],"text_right":{"short":"CC BY-SA 4.0","icon":"https:\/\/licensebuttons.net\/l\/by-sa\/4.0\/80x15.png","url":{"de":"https:\/\/creativecommons.org\/licenses\/by-sa\/4.0\/deed.de","en":"https:\/\/creativecommons.org\/licenses\/by-sa\/4.0\/deed.en"},"label":{"de":"Creative Commons Namensnennung - Weitergabe unter gleichen Bedingungen 4.0 International","en":"Creative Commons Attribution-ShareAlike 4.0 International"},"string":{"de":"Texte und Beschreibungen in diesem Online-Katalog stehen unter einer <a href=\"https:\/\/creativecommons.org\/licenses\/by-sa\/4.0\/deed.de\" target=\"_blank\">CC BY-SA 4.0<\/a> Lizenz.","en":"Texts and descriptions of this catalogue are licensed <a href=\"https:\/\/creativecommons.org\/licenses\/by-sa\/4.0\/deed.de\" target=\"_blank\">CC BY-SA 4.0<\/a>."}},"lod_right":{"short":"PDM 1.0","icon":"https:\/\/licensebuttons.net\/p\/zero\/1.0\/80x15.png","url":{"de":"https:\/\/creativecommons.org\/publicdomain\/mark\/1.0\/deed.de","en":"https:\/\/creativecommons.org\/publicdomain\/mark\/1.0\/deed.en"},"label":{"de":"Public Domain Mark 1.0","en":"Public Domain Mark 1.0"},"string":{"de":"Verwendete LOD-Identifikatoren sind <a href=\"https:\/\/creativecommons.org\/publicdomain\/mark\/1.0\/deed.de\" target=\"_blank\">PDM 1.0<\/a>.","en":"LOD ids used are licensed <a href=\"https:\/\/creativecommons.org\/publicdomain\/mark\/1.0\/deed.en\" target=\"_blank\">Public Domain Mark 1.0<\/a>."}},"image_restriction_id":0,"image_restriction":"free","image_right":{"short":"PDM 1.0","icon":"https:\/\/licensebuttons.net\/p\/zero\/1.0\/80x15.png","url":{"de":"https:\/\/creativecommons.org\/publicdomain\/mark\/1.0\/deed.de","en":"https:\/\/creativecommons.org\/publicdomain\/mark\/1.0\/deed.en"},"label":{"de":"Public Domain Mark 1.0","en":"Public Domain Mark 1.0"}}}