{"language_default":"de","language_more":[],"ikmk_id":"695","eLearning_completed":"0","primary_source_id":"0","title":"Metz: Ademar von Monteil","inventory_number":"165\/19","activated":"yes","item":{"ikmk_item_id":"1","ndp_uri":"https:\/\/ikmk.smb.museum\/ndp\/item\/1","item_de":"M\u00fcnze","item_en":"Coin","item_nomisma":"http:\/\/nomisma.org\/id\/coin"},"permalink":"https:\/\/www.virtuelles-muenzkabinett.de\/object?id=ID695","permalink_source":null,"publisher":{"ikmk_publisher_id":61,"ndp_uri":"https:\/\/ikmk.smb.museum\/ndp\/owner\/61","publisher_name":"Herzog Anton Ulrich-Museum","publisher_isil":"http:\/\/ld.zdb-services.de\/resource\/organisations\/DE-MUS-026819","publisher_isil_short":"DE-MUS-026819","UID":"http:\/\/ld.zdb-services.de\/resource\/organisations\/DE-MUS-026819\/ID695","legalBodyWeblink":"https:\/\/www.3landesmuseen.de\/Herzog-Anton-Ulrich-Museum.304.0.html","nomisma_address":"http:\/\/nomisma.org\/id\/hau_museum_braunschweig","author":"Leschhorn, Wolfgang"},"owner":{"ikmk_owner_id":"61","owner_name":"Braunschweig, Herzog Anton Ulrich-Museum","owner_isil":"http:\/\/ld.zdb-services.de\/resource\/organisations\/DE-MUS-026819","owner_isil_short":"DE-MUS-026819","owner_www_address":"https:\/\/www.virtuelles-muenzkabinett.de","nomisma_address":"http:\/\/nomisma.org\/id\/hau_museum_braunschweig","ndp_uri":"https:\/\/ikmk.smb.museum\/ndp\/owner\/61","owner_type":{"de":"Eigentum","en":"Property","ikmk_type_id":"2","ndp_uri":"https:\/\/ikmk.smb.museum\/ndp\/status_of_property\/2"}},"ikmk_status_id":"7","status":{"de":"vorhanden","en":"present","ikmk_status_id":"7","ndp_uri":"https:\/\/ikmk.smb.museum\/ndp\/object_status\/7"},"nominal":{"ikmk_nominal_id":"1304","nominal_de":"Denar (MA)","nominal_en":"Denarius (MA)","nominal_nomisma_id":"http:\/\/nomisma.org\/id\/medieval_denarius","nominal_gnd_id":"http:\/\/d-nb.info\/gnd\/4174023-3","info_de":"","info_en":"","ndp_uri":"https:\/\/ikmk.smb.museum\/ndp\/denomination\/1304"},"date_last":"2025-05-17 04:01:22","coin_status":[{"ikmk_coin_status_id":"3","coin_status_name_de":"Bistum","coin_status_name_en":"Bishopric","coin_status_nomisma_id":"http:\/\/nomisma.org\/id\/bishop","ndp_uri":"https:\/\/ikmk.smb.museum\/ndp\/class_status\/3"}],"mint":[{"ikmk_country_id":"11","country_ndp_url":"https:\/\/ikmk.smb.museum\/ndp\/country\/11","country_name_de":"Frankreich","country_name_en":"France","country_nomisma_id":"http:\/\/nomisma.org\/id\/french_republic","country_geoname_id":"http:\/\/www.geonames.org\/3017382","ikmk_region_id":"168","region_ndp_uri":"https:\/\/ikmk.smb.museum\/ndp\/region\/168","region_name_de":"Moselle","region_name_en":"Moselle","region_nomisma_id":"","region_geoname_id":"http:\/\/www.geonames.org\/2991627","ikmk_mint_id":"364","mint_ndp_uri":"https:\/\/ikmk.smb.museum\/ndp\/location\/364","mint_name":"Metz","mint_name_de":"Metz","mint_name_en":null,"mint_nomisma_id":"","mint_geoname_id":"http:\/\/www.geonames.org\/2994160"}],"material":{"ikmk_material_id":"1","material_name_de":"Silber","material_name_en":"Silver","material_nomisma_id":"http:\/\/nomisma.org\/id\/ar","ndp_uri":"https:\/\/ikmk.smb.museum\/ndp\/material\/1"},"diameter":"15 mm","weight":"0.60 g","accession":"","access_year":"","provenienz_extern":"","acquisition_date":null,"avers":{"leg_trans":"","leg_text":"A EPS","image_description":"Halbfigur des Bischofs mit Krummstab nach rechts.","foto_date":"2014-03-05","photographer":{"ikmk_photographer_id":"2","photographer_name":"Raithel, Robert","photographer_gnd":"","photographer_viaf":""},"path_thumbnail":"https:\/\/www.virtuelles-muenzkabinett.de\/image\/ID695\/vs_opt.jpg","path_opt":"https:\/\/www.virtuelles-muenzkabinett.de\/image\/ID695\/vs_opt.jpg","path_opt_rel":"\/var\/www\/html\/mk-edit\/images\/n0\/695\/vs_opt.jpg","path":"https:\/\/www.virtuelles-muenzkabinett.de\/image\/ID695\/vs_org.jpg","path_org":"https:\/\/www.virtuelles-muenzkabinett.de\/image\/ID695\/vs_org.jpg","image_timestamp":1551859609,"copyright":{"short":"PDM 1.0","url":"https:\/\/creativecommons.org\/publicdomain\/mark\/1.0\/","de":"Bilddateien sind <a href=\"https:\/\/creativecommons.org\/publicdomain\/mark\/1.0\/deed.de\" target=\"_blank\">Public Domain Mark 1.0<\/a>. Braunschweig, Herzog Anton Ulrich-Museum, ID695. Aufnahme durch Raithel, Robert.","en":"Image files are licensed&nbsp;<a href=\"https:\/\/creativecommons.org\/publicdomain\/mark\/1.0\/deed.en\" target=\"_blank\">Public Domain Mark 1.0<\/a>. Braunschweig, Herzog Anton Ulrich-Museum, ID695. Photographs by Raithel, Robert."}},"revers":{"leg_trans":"","leg_text":"METENSIS","image_description":"Kreuz, in zwei Winkeln Stern, in zwei Winkeln Mondsichel.","foto_date":"2014-03-05","photographer":{"ikmk_photographer_id":"2","photographer_name":"Raithel, Robert","photographer_gnd":"","photographer_viaf":""},"path_thumbnail":"https:\/\/www.virtuelles-muenzkabinett.de\/image\/ID695\/rs_opt.jpg","path_opt":"https:\/\/www.virtuelles-muenzkabinett.de\/image\/ID695\/rs_opt.jpg","path_opt_rel":"\/var\/www\/html\/mk-edit\/images\/n0\/695\/rs_opt.jpg","path":"https:\/\/www.virtuelles-muenzkabinett.de\/image\/ID695\/rs_org.jpg","path_org":"https:\/\/www.virtuelles-muenzkabinett.de\/image\/ID695\/rs_org.jpg","image_timestamp":1551859666,"copyright":{"short":"PDM 1.0","url":"https:\/\/creativecommons.org\/publicdomain\/mark\/1.0\/","de":"Bilddateien sind <a href=\"https:\/\/creativecommons.org\/publicdomain\/mark\/1.0\/deed.de\" target=\"_blank\">Public Domain Mark 1.0<\/a>. Braunschweig, Herzog Anton Ulrich-Museum, ID695. Aufnahme durch Raithel, Robert.","en":"Image files are licensed&nbsp;<a href=\"https:\/\/creativecommons.org\/publicdomain\/mark\/1.0\/deed.en\" target=\"_blank\">Public Domain Mark 1.0<\/a>. Braunschweig, Herzog Anton Ulrich-Museum, ID695. Photographs by Raithel, Robert."}},"division":{"ikmk_division_id":"2","division_name_de":"Mittelalter","division_name_en":"Medieval Period"},"sub_division":{"ikmk_subdivision_id":"27","subdivision_name_de":"Sp\u00e4tmittelalter","subdivision_name_en":"Late Middle Ages"},"literatur":"W. Leschhorn, Mittelalterliche M\u00fcnzen (2015) Nr. 182 (dieses Exemplar); Flon II, S.507,20-22.","comment":"","period":{"ikmk_period_id":"17","name_de":"Sp\u00e4tmittelalter","name_en":null,"description_de":"","description_en":null,"concept_id":"http:\/\/d-nb.info\/gnd\/7503823-7","ndp_uri":"https:\/\/ikmk.smb.museum\/ndp\/period\/17"},"year_start":"1327","year_end":"1361","date_verbal":"1327-1361","year_islam":"0","references":[{"ikmk_referenz_id":323,"souce":"HAUM Mittelalter","number":"0182","similar":"0"}],"manufacturing":[{"ikmk_manufacturing_id":"21","manufacturing_name_de":"gepr\u00e4gt","manufacturing_name_en":"struck","nomisma_id":"http:\/\/nomisma.org\/id\/struck","ndp_uri":"https:\/\/ikmk.smb.museum\/ndp\/manufacture\/21"}],"linked_persons_corporations":{"54":{"ikmk_type_id":"54","type_name_de":"Dargestellte\/r","type_name_en":"Sitter","type_nomisma_id":"http:\/\/nomisma.org\/id\/portrait","type_concept_id":"http:\/\/vocab.getty.edu\/aat\/300189844","ndp_id":"https:\/\/ikmk.smb.museum\/ndp\/type_for_person_and_corporation\/54","items":{"4593":{"ikmk_person_id":"4593","title_de":null,"first_name_de":null,"last_name_de":"Ademar von Monteil (1327-1361), Bischof von Metz","vitalDates":"um 1299-12.05.1361","title_en":null,"first_name_en":null,"last_name_en":"Ademar von Monteil (1327-1361), bishop of Metz","corporation":"0","lod":{"https:\/\/www.wikidata.org\/wiki\/Q2824344":"https:\/\/www.wikidata.org\/wiki\/Q2824344","https:\/\/ikmk.smb.museum\/ndp\/person\/4593":"https:\/\/ikmk.smb.museum\/ndp\/person\/4593"}}}},"57":{"ikmk_type_id":"57","type_name_de":"Autorit\u00e4t","type_name_en":"Authority","type_nomisma_id":"http:\/\/nomisma.org\/id\/authority","type_concept_id":"http:\/\/d-nb.info\/gnd\/1051614252","ndp_id":"https:\/\/ikmk.smb.museum\/ndp\/type_for_person_and_corporation\/57","items":{"4593":{"ikmk_person_id":"4593","title_de":null,"first_name_de":null,"last_name_de":"Ademar von Monteil (1327-1361), Bischof von Metz","vitalDates":"um 1299-12.05.1361","title_en":null,"first_name_en":null,"last_name_en":"Ademar von Monteil (1327-1361), bishop of Metz","corporation":"0","lod":{"https:\/\/www.wikidata.org\/wiki\/Q2824344":"https:\/\/www.wikidata.org\/wiki\/Q2824344","https:\/\/ikmk.smb.museum\/ndp\/person\/4593":"https:\/\/ikmk.smb.museum\/ndp\/person\/4593"}}}}},"keywords":[{"ikmk_keyword_id":"50","keyword_de":"Christliche Ikonographie","keyword_gnd_uri":"http:\/\/d-nb.info\/gnd\/7502667-3","keyword_concept_uri":""},{"ikmk_keyword_id":"37","keyword_de":"Geistliche F\u00fcrsten","keyword_gnd_uri":"http:\/\/d-nb.info\/gnd\/4156371-2","keyword_concept_uri":"https:\/\/nomisma.org\/id\/clergy"},{"ikmk_keyword_id":"44","keyword_de":"Herrscherrepr\u00e4sentation","keyword_gnd_uri":"","keyword_concept_uri":""},{"ikmk_keyword_id":"2","keyword_de":"Mittelalter","keyword_gnd_uri":"http:\/\/d-nb.info\/gnd\/4129108-6","keyword_concept_uri":"http:\/\/vocab.getty.edu\/aat\/300020756"},{"ikmk_keyword_id":"69","keyword_de":"Silber","keyword_gnd_uri":"http:\/\/d-nb.info\/gnd\/4133759-1","keyword_concept_uri":"http:\/\/www.nomisma.org\/id\/ar"},{"ikmk_keyword_id":"10","keyword_de":"Sp\u00e4tmittelalter, 13.-15. Jh.","keyword_gnd_uri":"http:\/\/d-nb.info\/gnd\/7503823-7","keyword_concept_uri":"http:\/\/vocab.getty.edu\/aat\/300111307"},{"ikmk_keyword_id":"19","keyword_de":"Westeuropa (ohne D)","keyword_gnd_uri":"http:\/\/d-nb.info\/gnd\/4079215-8","keyword_concept_uri":"http:\/\/vocab.getty.edu\/tgn\/4003761"}],"timeline_themes":[{"ikmk_timeline_id":"81","timeline_item":"Erzbisch\u00f6fe, Bisch\u00f6fe, \u00c4bte","description":"Um die wirtschaftlichen und politischen Potenzen der Kirche f\u00fcr das Reich und das eigene Seelenheil zu nutzen, ist die Kirche durch die K\u00f6nige im 10. und 11. Jh. im Deutschen Reich  mit Schenkungen bedacht worden. Zu diesen Schenkungen geh\u00f6rte auch die Verleihung des M\u00fcnzrechts. Auf diese Weise sind nahezu alle Erzbist\u00fcmer, Bist\u00fcmer und Reichsabteien in den Besitz des M\u00fcnzrechts gelangt, das die meisten auch ausge\u00fcbt haben. Die bis in die Neuzeit reichenden geistlichen M\u00fcnzpr\u00e4gungen in Deutschland haben ihre Wurzeln im 10. Jh.","year_from":"950","year_until":"1500","autor":"Kluge, Bernd"},{"ikmk_timeline_id":"107","timeline_item":"Frankreich. Silberm\u00fcnzen","description":"Die Ausgabe einer gro\u00dfen Silberm\u00fcnze zu 12 Denier tournois, des Gros tournois, durch Ludwig IX. (1226-1270) ab 1266 war eine folgenreiche m\u00fcnzgeschichtliche Neuerung. Der Gros tournois (Turnosengroschen, Turnose) verbreitete sich rasch \u00fcber Frankreich hinaus und war der Ansto\u00df zu \u00e4hnlichen Groschenm\u00fcnzen andernorts. Mit dem Hundertj\u00e4hrigen Krieg ab 1337 ist f\u00fcr Frankreich eine Reihe von M\u00fcnzkrisen (H\u00f6hepunkt 1417-1422) verbunden, da die Verschlechterung der Groschenm\u00fcnzen gezielt als Mittel zur Kriegsfinanzierung eingesetzt wurde. Nach dem siegreichen Ende des Krieges wurde die W\u00e4hrung konsolidiert, ab etwa 1430 besitzt Frankreich wieder gutes Geld. Neben dem K\u00f6nig haben bis ins 15. Jahrhundert auch noch die gro\u00dfen Kronvasallen (Herz\u00f6ge von Bretagne und Burgund) eigene M\u00fcnzen ausgegeben. Eine Sonderstellung nehmen die M\u00fcnzen des formell zum Deutschen Reich geh\u00f6rigen Arelats (Niederburgund), der Provence und der P\u00e4pste in Avignon (seit 1309) ein.","year_from":"1200","year_until":"1500","autor":"Kluge, Bernd"}],"text_right":{"short":"CC BY-SA 4.0","icon":"https:\/\/licensebuttons.net\/l\/by-sa\/4.0\/80x15.png","url":{"de":"https:\/\/creativecommons.org\/licenses\/by-sa\/4.0\/deed.de","en":"https:\/\/creativecommons.org\/licenses\/by-sa\/4.0\/deed.en"},"label":{"de":"Creative Commons Namensnennung - Weitergabe unter gleichen Bedingungen 4.0 International","en":"Creative Commons Attribution-ShareAlike 4.0 International"},"string":{"de":"Texte und Beschreibungen in diesem Online-Katalog stehen unter einer <a href=\"https:\/\/creativecommons.org\/licenses\/by-sa\/4.0\/deed.de\" target=\"_blank\">CC BY-SA 4.0<\/a> Lizenz.","en":"Texts and descriptions of this catalogue are licensed <a href=\"https:\/\/creativecommons.org\/licenses\/by-sa\/4.0\/deed.de\" target=\"_blank\">CC BY-SA 4.0<\/a>."}},"lod_right":{"short":"PDM 1.0","icon":"https:\/\/licensebuttons.net\/p\/zero\/1.0\/80x15.png","url":{"de":"https:\/\/creativecommons.org\/publicdomain\/mark\/1.0\/deed.de","en":"https:\/\/creativecommons.org\/publicdomain\/mark\/1.0\/deed.en"},"label":{"de":"Public Domain Mark 1.0","en":"Public Domain Mark 1.0"},"string":{"de":"Verwendete LOD-Identifikatoren sind <a href=\"https:\/\/creativecommons.org\/publicdomain\/mark\/1.0\/deed.de\" target=\"_blank\">PDM 1.0<\/a>.","en":"LOD ids used are licensed <a href=\"https:\/\/creativecommons.org\/publicdomain\/mark\/1.0\/deed.en\" target=\"_blank\">Public Domain Mark 1.0<\/a>."}},"image_restriction_id":0,"image_restriction":"free","image_right":{"short":"PDM 1.0","icon":"https:\/\/licensebuttons.net\/p\/zero\/1.0\/80x15.png","url":{"de":"https:\/\/creativecommons.org\/publicdomain\/mark\/1.0\/deed.de","en":"https:\/\/creativecommons.org\/publicdomain\/mark\/1.0\/deed.en"},"label":{"de":"Public Domain Mark 1.0","en":"Public Domain Mark 1.0"}}}