{"language_default":"de","language_more":[],"ikmk_id":"682","eLearning_completed":"0","primary_source_id":"0","title":"Reinhart, Hans der \u00c4ltere: Karl V.","inventory_number":"697\/3","activated":"yes","item":{"ikmk_item_id":"3","ndp_uri":"https:\/\/ikmk.smb.museum\/ndp\/item\/3","item_de":"Medaille","item_en":"Medal","item_nomisma":"http:\/\/nomisma.org\/id\/medal"},"permalink":"https:\/\/www.virtuelles-muenzkabinett.de\/object?id=ID682","permalink_source":null,"publisher":{"ikmk_publisher_id":61,"ndp_uri":"https:\/\/ikmk.smb.museum\/ndp\/owner\/61","publisher_name":"Herzog Anton Ulrich-Museum","publisher_isil":"http:\/\/ld.zdb-services.de\/resource\/organisations\/DE-MUS-026819","publisher_isil_short":"DE-MUS-026819","UID":"http:\/\/ld.zdb-services.de\/resource\/organisations\/DE-MUS-026819\/ID682","legalBodyWeblink":"https:\/\/www.3landesmuseen.de\/Herzog-Anton-Ulrich-Museum.304.0.html","nomisma_address":"http:\/\/nomisma.org\/id\/hau_museum_braunschweig","author":"Leschhorn, Wolfgang"},"owner":{"ikmk_owner_id":"61","owner_name":"Braunschweig, Herzog Anton Ulrich-Museum","owner_isil":"http:\/\/ld.zdb-services.de\/resource\/organisations\/DE-MUS-026819","owner_isil_short":"DE-MUS-026819","owner_www_address":"https:\/\/www.virtuelles-muenzkabinett.de","nomisma_address":"http:\/\/nomisma.org\/id\/hau_museum_braunschweig","ndp_uri":"https:\/\/ikmk.smb.museum\/ndp\/owner\/61","owner_type":{"de":"Eigentum","en":"Property","ikmk_type_id":"2","ndp_uri":"https:\/\/ikmk.smb.museum\/ndp\/status_of_property\/2"}},"ikmk_status_id":"7","status":{"de":"vorhanden","en":"present","ikmk_status_id":"7","ndp_uri":"https:\/\/ikmk.smb.museum\/ndp\/object_status\/7"},"date_last":"2025-05-17 04:01:21","coin_status":[{"ikmk_coin_status_id":"34","coin_status_name_de":"Kaisertum (MA\/NZ)","coin_status_name_en":"Imperial issue (medieval\/modern)","coin_status_nomisma_id":"http:\/\/nomisma.org\/id\/empire","ndp_uri":"https:\/\/ikmk.smb.museum\/ndp\/class_status\/34"}],"mint":[{"ikmk_country_id":"19","country_ndp_url":"https:\/\/ikmk.smb.museum\/ndp\/country\/19","country_name_de":"Deutschland","country_name_en":"Germany","country_nomisma_id":"http:\/\/nomisma.org\/id\/bundesrepublik_deutschland","country_geoname_id":"http:\/\/www.geonames.org\/2921044","ikmk_region_id":"93","region_ndp_uri":"https:\/\/ikmk.smb.museum\/ndp\/region\/93","region_name_de":"Sachsen","region_name_en":"Saxony","region_nomisma_id":"","region_geoname_id":"http:\/\/www.geonames.org\/2842566","ikmk_mint_id":"207","mint_ndp_uri":"https:\/\/ikmk.smb.museum\/ndp\/location\/207","mint_name":"Leipzig","mint_name_de":"Leipzig","mint_name_en":null,"mint_nomisma_id":"http:\/\/nomisma.org\/id\/leipzig","mint_geoname_id":"http:\/\/www.geonames.org\/6548737"}],"material":{"ikmk_material_id":"1","material_name_de":"Silber","material_name_en":"Silver","material_nomisma_id":"http:\/\/nomisma.org\/id\/ar","ndp_uri":"https:\/\/ikmk.smb.museum\/ndp\/material\/1"},"diameter":"65 mm","weight":"48.61 g","accession":"","access_year":"","provenienz_extern":"","acquisition_date":null,"avers":{"leg_trans":"","leg_text":"CAROLVS . V . DEI . GRATIA . ROMAN . IMPERATOR . SEMPER . AVGVSTVS . REX . HIS . ANNO. SAL . M.D.XXXVII . AETATIS -. SVAE . XXXVII","image_description":"B\u00fcste Karls V. im reich geschm\u00fcckten Gewand und Barett mit Zepter und Reichsapfel in den H\u00e4nden nach rechts. Auf der Brust Orden vom Goldenen Vlies.","foto_date":"2017-03-05","photographer":{"ikmk_photographer_id":"2","photographer_name":"Raithel, Robert","photographer_gnd":"","photographer_viaf":""},"path_thumbnail":"https:\/\/www.virtuelles-muenzkabinett.de\/image\/ID682\/vs_opt.jpg","path_opt":"https:\/\/www.virtuelles-muenzkabinett.de\/image\/ID682\/vs_opt.jpg","path_opt_rel":"\/var\/www\/html\/mk-edit\/images\/n0\/682\/vs_opt.jpg","path":"https:\/\/www.virtuelles-muenzkabinett.de\/image\/ID682\/vs_org.jpg","path_org":"https:\/\/www.virtuelles-muenzkabinett.de\/image\/ID682\/vs_org.jpg","image_timestamp":1551298713,"copyright":{"short":"PDM 1.0","url":"https:\/\/creativecommons.org\/publicdomain\/mark\/1.0\/","de":"Bilddateien sind <a href=\"https:\/\/creativecommons.org\/publicdomain\/mark\/1.0\/deed.de\" target=\"_blank\">Public Domain Mark 1.0<\/a>. Braunschweig, Herzog Anton Ulrich-Museum, ID682. Aufnahme durch Raithel, Robert. Medailleur\/in: Hans der \u00c4ltere Reinhart.","en":"Image files are licensed&nbsp;<a href=\"https:\/\/creativecommons.org\/publicdomain\/mark\/1.0\/deed.en\" target=\"_blank\">Public Domain Mark 1.0<\/a>. Braunschweig, Herzog Anton Ulrich-Museum, ID682. Photographs by Raithel, Robert. Medalist: Hans the Elder Reinhart."}},"revers":{"leg_trans":"","leg_text":"PL-VS - OVL-TRE","image_description":"Bekr\u00f6nter Reichsadler mit Nimbus, auf der Brust spanisch - \u00f6sterreichischer Wappenschild, beh\u00e4ngt mit dem Orden vom Goldenen Vlies. Unter den Fl\u00fcgeln des Adlers die S\u00e4ulen des Herkules und PLVS - OVLTRE (immer weiter). Unten die Signatur H-R.","foto_date":"2017-03-05","photographer":{"ikmk_photographer_id":"2","photographer_name":"Raithel, Robert","photographer_gnd":"","photographer_viaf":""},"path_thumbnail":"https:\/\/www.virtuelles-muenzkabinett.de\/image\/ID682\/rs_opt.jpg","path_opt":"https:\/\/www.virtuelles-muenzkabinett.de\/image\/ID682\/rs_opt.jpg","path_opt_rel":"\/var\/www\/html\/mk-edit\/images\/n0\/682\/rs_opt.jpg","path":"https:\/\/www.virtuelles-muenzkabinett.de\/image\/ID682\/rs_org.jpg","path_org":"https:\/\/www.virtuelles-muenzkabinett.de\/image\/ID682\/rs_org.jpg","image_timestamp":1551298713,"copyright":{"short":"PDM 1.0","url":"https:\/\/creativecommons.org\/publicdomain\/mark\/1.0\/","de":"Bilddateien sind <a href=\"https:\/\/creativecommons.org\/publicdomain\/mark\/1.0\/deed.de\" target=\"_blank\">Public Domain Mark 1.0<\/a>. Braunschweig, Herzog Anton Ulrich-Museum, ID682. Aufnahme durch Raithel, Robert. Medailleur\/in: Hans der \u00c4ltere Reinhart.","en":"Image files are licensed&nbsp;<a href=\"https:\/\/creativecommons.org\/publicdomain\/mark\/1.0\/deed.en\" target=\"_blank\">Public Domain Mark 1.0<\/a>. Braunschweig, Herzog Anton Ulrich-Museum, ID682. Photographs by Raithel, Robert. Medalist: Hans the Elder Reinhart."}},"division":{"ikmk_division_id":"4","division_name_de":"Medaillen","division_name_en":"Medals"},"sub_division":{"ikmk_subdivision_id":"11","subdivision_name_de":"Renaissance","subdivision_name_en":"Renaissance"},"literatur":"W. Leschhorn, Medaillen des 15. bis 19. Jahrhunderts (2019) Nr. 589 (dieses Exemplar); M. Bernhart, Die Bildnismedaillen Karls des F\u00fcnften, M\u00fcnchen 1919, Nr. 93. G. Habich, Die deutschen Schaum\u00fcnzen des XVI. Jahrhunderts II-1 (1926), Taf. 203,7; R. Wex, Luthers und anderer Konterfei, Braunschweig 1996, Nr. 22.","comment":"","period":{"ikmk_period_id":"7","name_de":"Renaissance","name_en":null,"description_de":"","description_en":null,"concept_id":"http:\/\/vocab.getty.edu\/aat\/300021140","ndp_uri":"https:\/\/ikmk.smb.museum\/ndp\/period\/7"},"year_start":"1537","year_end":"1537","date_verbal":"1537","year_islam":"0","references":[{"ikmk_referenz_id":363,"souce":"HAUM Medaillen -19. Jh.","number":"0589","similar":"0"}],"manufacturing":[{"ikmk_manufacturing_id":"22","manufacturing_name_de":"gegossen","manufacturing_name_en":"cast","nomisma_id":"http:\/\/nomisma.org\/id\/cast","ndp_uri":"https:\/\/ikmk.smb.museum\/ndp\/manufacture\/22"}],"linked_persons_corporations":{"49":{"ikmk_type_id":"49","type_name_de":"Medailleur\/in","type_name_en":"Medalist","type_nomisma_id":"http:\/\/nomisma.org\/id\/medalist","type_concept_id":"http:\/\/d-nb.info\/gnd\/4306105-9","ndp_id":"https:\/\/ikmk.smb.museum\/ndp\/type_for_person_and_corporation\/49","items":{"3174":{"ikmk_person_id":"3174","title_de":null,"first_name_de":"Hans der \u00c4ltere","last_name_de":"Reinhart","vitalDates":"um 1510-25.01.1581","title_en":null,"first_name_en":"Hans the Elder","last_name_en":"Reinhart","corporation":"0","lod":{"https:\/\/d-nb.info\/gnd\/138455074":"https:\/\/d-nb.info\/gnd\/138455074","https:\/\/viaf.org\/viaf\/89994149":"https:\/\/viaf.org\/viaf\/89994149","https:\/\/www.britishmuseum.org\/collection\/term\/BIOG114268":"https:\/\/www.britishmuseum.org\/collection\/term\/BIOG114268","https:\/\/www.wikidata.org\/wiki\/Q1581970":"https:\/\/www.wikidata.org\/wiki\/Q1581970","https:\/\/ikmk.smb.museum\/ndp\/person\/3174":"https:\/\/ikmk.smb.museum\/ndp\/person\/3174"}}}},"54":{"ikmk_type_id":"54","type_name_de":"Dargestellte\/r","type_name_en":"Sitter","type_nomisma_id":"http:\/\/nomisma.org\/id\/portrait","type_concept_id":"http:\/\/vocab.getty.edu\/aat\/300189844","ndp_id":"https:\/\/ikmk.smb.museum\/ndp\/type_for_person_and_corporation\/54","items":{"986":{"ikmk_person_id":"986","title_de":null,"first_name_de":null,"last_name_de":"Karl I. (V.) (1516-1556), als Karl I. K\u00f6nig von Spanien, seit 1519 deutscher K\u00f6nig, seit 1520 Kaiser","vitalDates":"14.02.1500 - 21.09.1558","title_en":null,"first_name_en":null,"last_name_en":"Charles I (V) (1516-1556), as Charles I king of Spain, from 1519 king of the Germans, from 1520 emperor","corporation":"0","lod":{"https:\/\/d-nb.info\/gnd\/118560093":"https:\/\/d-nb.info\/gnd\/118560093","https:\/\/de.wikipedia.org\/wiki\/Karl_V._(HRR)":"https:\/\/de.wikipedia.org\/wiki\/Karl_V._(HRR)","https:\/\/en.wikipedia.org\/wiki\/Charles_V,_Holy_Roman_Emperor":"https:\/\/en.wikipedia.org\/wiki\/Charles_V,_Holy_Roman_Emperor","https:\/\/nomisma.org\/id\/charles_v_holy_roman_empire":"https:\/\/nomisma.org\/id\/charles_v_holy_roman_empire","https:\/\/viaf.org\/viaf\/88598818":"https:\/\/viaf.org\/viaf\/88598818","https:\/\/www.britishmuseum.org\/collection\/term\/BIOG105548":"https:\/\/www.britishmuseum.org\/collection\/term\/BIOG105548","https:\/\/www.wikidata.org\/wiki\/Q32500":"https:\/\/www.wikidata.org\/wiki\/Q32500","https:\/\/ikmk.smb.museum\/ndp\/person\/986":"https:\/\/ikmk.smb.museum\/ndp\/person\/986"}}}}},"keywords":[{"ikmk_keyword_id":"90","keyword_de":"16. Jh.","keyword_gnd_uri":"","keyword_concept_uri":"http:\/\/vocab.getty.edu\/aat\/300404510"},{"ikmk_keyword_id":"80","keyword_de":"Heraldik und Wappen","keyword_gnd_uri":"http:\/\/d-nb.info\/gnd\/4072428-1","keyword_concept_uri":"http:\/\/vocab.getty.edu\/aat\/300077808"},{"ikmk_keyword_id":"44","keyword_de":"Herrscherrepr\u00e4sentation","keyword_gnd_uri":"","keyword_concept_uri":""},{"ikmk_keyword_id":"32","keyword_de":"Kaiser (MA&NZ)","keyword_gnd_uri":"http:\/\/d-nb.info\/gnd\/4114123-4","keyword_concept_uri":""},{"ikmk_keyword_id":"64","keyword_de":"Medaillen","keyword_gnd_uri":"http:\/\/d-nb.info\/gnd\/4038206-0","keyword_concept_uri":"http:\/\/www.nomisma.org\/id\/medal"},{"ikmk_keyword_id":"65","keyword_de":"Medailleure","keyword_gnd_uri":"http:\/\/d-nb.info\/gnd\/4306105-9","keyword_concept_uri":"http:\/\/www.nomisma.org\/id\/medalist"},{"ikmk_keyword_id":"3","keyword_de":"Neuzeit","keyword_gnd_uri":"http:\/\/d-nb.info\/gnd\/4171678-4","keyword_concept_uri":""},{"ikmk_keyword_id":"43","keyword_de":"Portr\u00e4ts","keyword_gnd_uri":"http:\/\/d-nb.info\/gnd\/4006627-7","keyword_concept_uri":"http:\/\/vocab.getty.edu\/aat\/300015637"},{"ikmk_keyword_id":"69","keyword_de":"Silber","keyword_gnd_uri":"http:\/\/d-nb.info\/gnd\/4133759-1","keyword_concept_uri":"http:\/\/www.nomisma.org\/id\/ar"},{"ikmk_keyword_id":"19","keyword_de":"Westeuropa (ohne D)","keyword_gnd_uri":"http:\/\/d-nb.info\/gnd\/4079215-8","keyword_concept_uri":"http:\/\/vocab.getty.edu\/tgn\/4003761"}],"timeline_themes":[{"ikmk_timeline_id":"61","timeline_item":"Medaillen der Renaissance","description":"Die Kreation des Mediums Medaille ist eng mit dem diesseitsorientierten Wirken selbstbewusster Pers\u00f6nlichkeiten in der Renaissance verbunden. Sie entstand im 15. Jh. in Italien. Der als Frescomaler bekannte Antonio Pisano war ihr erster Meister. Er schuf seine zweiseitigen Medaillenreliefs seit den 1430er Jahren. Andere - zumeist Bildhauer oder Maler wie Pisano - folgten fast zeitgleich. Weiche Konturen und malerisch wirkende \u00dcberg\u00e4nge zwischen Relief und Grund sind der vorzugsweise gegossenen Medaille eigen. Ein halbes Jahrhundert nach ihrer ersten Bl\u00fcte in Oberitalien setzte sich diese Kunstform auch n\u00f6rdlich der Alpen durch. Sie ist das Werk von Holzschnitzern, Steinschneidern, Goldschmieden und Bildhauern, die sich besonders in S\u00fcddeutschland um Augsburg (Hans Schwarz) und N\u00fcrnberg (Matthes Gebel) auf die Medaille spezialisierten. Im Unterschied zu den italienischen Vorbildern f\u00e4llt hier eine technisch subtile Detailtreue mit isoliert auf den Grund gesetzten Bildnissilhouetten auf.","year_from":"1435","year_until":"1550","autor":"Steguweit, Wolfgang"},{"ikmk_timeline_id":"54","timeline_item":"Die Zeit Kaiser Karls V.","description":"Karl V. (1519-1556) hatte in seiner langen Regierung auch Ordnung in die W\u00e4hrungsangelegenheiten zu bringen. In drei gro\u00dfen Reformen, den Reichsm\u00fcnzordnungen von Esslingen (1524) und Augsburg (1551, 1559), letztere ma\u00dfgeblich von seinem Bruder Ferdinand (I.) mitgestaltet, wurde versucht, dem Wildwuchs der verschiedensten Sorten, Gewichte und Feingehalte Einhalt zu gebieten. Es musste die Akzeptanz des s\u00e4chsischen Guldengroschens auf Groschenbasis und des in Kreuzern z\u00e4hlenden \u00f6sterreichisch-s\u00fcddeutschen Guldiners gegen\u00fcber dem Goldgulden durchgesetzt und gleichzeitig auf einen Nenner gebracht werden. 1566, zehn Jahre nach der Abdankung Karls V., gelang der Durchbruch. Der s\u00e4chsische Taler zu neun St\u00fcck aus der Mark Silber (233,8 g) wurde mit 68 Kreuzern bewertet und im Reich zugelassen. Er erlangte in der Folgezeit sogar eine Monopolstellung.","year_from":"1519","year_until":"1556","autor":"Steguweit, Wolfgang"}],"text_right":{"short":"CC BY-SA 4.0","icon":"https:\/\/licensebuttons.net\/l\/by-sa\/4.0\/80x15.png","url":{"de":"https:\/\/creativecommons.org\/licenses\/by-sa\/4.0\/deed.de","en":"https:\/\/creativecommons.org\/licenses\/by-sa\/4.0\/deed.en"},"label":{"de":"Creative Commons Namensnennung - Weitergabe unter gleichen Bedingungen 4.0 International","en":"Creative Commons Attribution-ShareAlike 4.0 International"},"string":{"de":"Texte und Beschreibungen in diesem Online-Katalog stehen unter einer <a href=\"https:\/\/creativecommons.org\/licenses\/by-sa\/4.0\/deed.de\" target=\"_blank\">CC BY-SA 4.0<\/a> Lizenz.","en":"Texts and descriptions of this catalogue are licensed <a href=\"https:\/\/creativecommons.org\/licenses\/by-sa\/4.0\/deed.de\" target=\"_blank\">CC BY-SA 4.0<\/a>."}},"lod_right":{"short":"PDM 1.0","icon":"https:\/\/licensebuttons.net\/p\/zero\/1.0\/80x15.png","url":{"de":"https:\/\/creativecommons.org\/publicdomain\/mark\/1.0\/deed.de","en":"https:\/\/creativecommons.org\/publicdomain\/mark\/1.0\/deed.en"},"label":{"de":"Public Domain Mark 1.0","en":"Public Domain Mark 1.0"},"string":{"de":"Verwendete LOD-Identifikatoren sind <a href=\"https:\/\/creativecommons.org\/publicdomain\/mark\/1.0\/deed.de\" target=\"_blank\">PDM 1.0<\/a>.","en":"LOD ids used are licensed <a href=\"https:\/\/creativecommons.org\/publicdomain\/mark\/1.0\/deed.en\" target=\"_blank\">Public Domain Mark 1.0<\/a>."}},"image_restriction_id":0,"image_restriction":"free","image_right":{"short":"PDM 1.0","icon":"https:\/\/licensebuttons.net\/p\/zero\/1.0\/80x15.png","url":{"de":"https:\/\/creativecommons.org\/publicdomain\/mark\/1.0\/deed.de","en":"https:\/\/creativecommons.org\/publicdomain\/mark\/1.0\/deed.en"},"label":{"de":"Public Domain Mark 1.0","en":"Public Domain Mark 1.0"}}}