{"language_default":"de","language_more":[],"ikmk_id":"599","eLearning_completed":"0","primary_source_id":"0","title":"Kirchenstaat: Alexander VI.","inventory_number":"403a\/9","activated":"yes","item":{"ikmk_item_id":"1","ndp_uri":"https:\/\/ikmk.smb.museum\/ndp\/item\/1","item_de":"M\u00fcnze","item_en":"Coin","item_nomisma":"http:\/\/nomisma.org\/id\/coin"},"permalink":"https:\/\/www.virtuelles-muenzkabinett.de\/object?id=ID599","permalink_source":null,"publisher":{"ikmk_publisher_id":61,"ndp_uri":"https:\/\/ikmk.smb.museum\/ndp\/owner\/61","publisher_name":"Herzog Anton Ulrich-Museum","publisher_isil":"http:\/\/ld.zdb-services.de\/resource\/organisations\/DE-MUS-026819","publisher_isil_short":"DE-MUS-026819","UID":"http:\/\/ld.zdb-services.de\/resource\/organisations\/DE-MUS-026819\/ID599","legalBodyWeblink":"https:\/\/www.3landesmuseen.de\/Herzog-Anton-Ulrich-Museum.304.0.html","nomisma_address":"http:\/\/nomisma.org\/id\/hau_museum_braunschweig","author":"Leschhorn, Wolfgang"},"owner":{"ikmk_owner_id":"61","owner_name":"Braunschweig, Herzog Anton Ulrich-Museum","owner_isil":"http:\/\/ld.zdb-services.de\/resource\/organisations\/DE-MUS-026819","owner_isil_short":"DE-MUS-026819","owner_www_address":"https:\/\/www.virtuelles-muenzkabinett.de","nomisma_address":"http:\/\/nomisma.org\/id\/hau_museum_braunschweig","ndp_uri":"https:\/\/ikmk.smb.museum\/ndp\/owner\/61","owner_type":{"de":"Eigentum","en":"Property","ikmk_type_id":"2","ndp_uri":"https:\/\/ikmk.smb.museum\/ndp\/status_of_property\/2"}},"ikmk_status_id":"7","status":{"de":"vorhanden","en":"present","ikmk_status_id":"7","ndp_uri":"https:\/\/ikmk.smb.museum\/ndp\/object_status\/7"},"nominal":{"ikmk_nominal_id":"893","nominal_de":"Grosso","nominal_en":"Grosso","nominal_nomisma_id":"http:\/\/nomisma.org\/id\/grosso_it","nominal_gnd_id":"","info_de":"","info_en":"","ndp_uri":"https:\/\/ikmk.smb.museum\/ndp\/denomination\/893"},"date_last":"2025-05-17 04:01:20","coin_status":[{"ikmk_coin_status_id":"45","coin_status_name_de":"Papsttum","coin_status_name_en":"Papacy","coin_status_nomisma_id":"http:\/\/nomisma.org\/id\/pope","ndp_uri":"https:\/\/ikmk.smb.museum\/ndp\/class_status\/45"}],"mint":[{"ikmk_country_id":"25","country_ndp_url":"https:\/\/ikmk.smb.museum\/ndp\/country\/25","country_name_de":"Italien","country_name_en":"Italy","country_nomisma_id":"http:\/\/nomisma.org\/id\/italian_republic","country_geoname_id":"http:\/\/www.geonames.org\/3175395","ikmk_mint_id":"1078","mint_ndp_uri":"https:\/\/ikmk.smb.museum\/ndp\/location\/1078","mint_name":"Ancona","mint_name_de":"Ancona","mint_name_en":null,"mint_nomisma_id":"http:\/\/nomisma.org\/id\/ancona","mint_geoname_id":"http:\/\/www.geonames.org\/3183089"}],"material":{"ikmk_material_id":"1","material_name_de":"Silber","material_name_en":"Silver","material_nomisma_id":"http:\/\/nomisma.org\/id\/ar","ndp_uri":"https:\/\/ikmk.smb.museum\/ndp\/material\/1"},"diameter":"27 mm","weight":"3.21 g","accession":"","access_year":"","provenienz_extern":"","acquisition_date":null,"avers":{"leg_trans":"","leg_text":"ALEXANDER - VI PONT MAX","image_description":"Schild, dar\u00fcber zwei gekreuzte Schl\u00fcssel und Tiara.","foto_date":"2014-03-27","photographer":{"ikmk_photographer_id":"2","photographer_name":"Raithel, Robert","photographer_gnd":"","photographer_viaf":""},"path_thumbnail":"https:\/\/www.virtuelles-muenzkabinett.de\/image\/ID599\/vs_opt.jpg","path_opt":"https:\/\/www.virtuelles-muenzkabinett.de\/image\/ID599\/vs_opt.jpg","path_opt_rel":"\/var\/www\/html\/mk-edit\/images\/n0\/599\/vs_opt.jpg","path":"https:\/\/www.virtuelles-muenzkabinett.de\/image\/ID599\/vs_org.jpg","path_org":"https:\/\/www.virtuelles-muenzkabinett.de\/image\/ID599\/vs_org.jpg","image_timestamp":1549350435,"copyright":{"short":"PDM 1.0","url":"https:\/\/creativecommons.org\/publicdomain\/mark\/1.0\/","de":"Bilddateien sind <a href=\"https:\/\/creativecommons.org\/publicdomain\/mark\/1.0\/deed.de\" target=\"_blank\">Public Domain Mark 1.0<\/a>. Braunschweig, Herzog Anton Ulrich-Museum, ID599. Aufnahme durch Raithel, Robert.","en":"Image files are licensed&nbsp;<a href=\"https:\/\/creativecommons.org\/publicdomain\/mark\/1.0\/deed.en\" target=\"_blank\">Public Domain Mark 1.0<\/a>. Braunschweig, Herzog Anton Ulrich-Museum, ID599. Photographs by Raithel, Robert."}},"revers":{"leg_trans":"","leg_text":"S PETRVS - S PAVLUS, im Abschnitt MARCI","image_description":"Hlg. Petrus und Hlg. Paulus nebeneinander stehend.","foto_date":"2014-03-27","photographer":{"ikmk_photographer_id":"2","photographer_name":"Raithel, Robert","photographer_gnd":"","photographer_viaf":""},"path_thumbnail":"https:\/\/www.virtuelles-muenzkabinett.de\/image\/ID599\/rs_opt.jpg","path_opt":"https:\/\/www.virtuelles-muenzkabinett.de\/image\/ID599\/rs_opt.jpg","path_opt_rel":"\/var\/www\/html\/mk-edit\/images\/n0\/599\/rs_opt.jpg","path":"https:\/\/www.virtuelles-muenzkabinett.de\/image\/ID599\/rs_org.jpg","path_org":"https:\/\/www.virtuelles-muenzkabinett.de\/image\/ID599\/rs_org.jpg","image_timestamp":1549350531,"copyright":{"short":"PDM 1.0","url":"https:\/\/creativecommons.org\/publicdomain\/mark\/1.0\/","de":"Bilddateien sind <a href=\"https:\/\/creativecommons.org\/publicdomain\/mark\/1.0\/deed.de\" target=\"_blank\">Public Domain Mark 1.0<\/a>. Braunschweig, Herzog Anton Ulrich-Museum, ID599. Aufnahme durch Raithel, Robert.","en":"Image files are licensed&nbsp;<a href=\"https:\/\/creativecommons.org\/publicdomain\/mark\/1.0\/deed.en\" target=\"_blank\">Public Domain Mark 1.0<\/a>. Braunschweig, Herzog Anton Ulrich-Museum, ID599. Photographs by Raithel, Robert."}},"division":{"ikmk_division_id":"3","division_name_de":"Neuzeit","division_name_en":"Modern Period"},"sub_division":{"ikmk_subdivision_id":"25","subdivision_name_de":"16. Jh.","subdivision_name_en":"16th century"},"literatur":"W. Leschhorn, Mittelalterliche M\u00fcnzen (2015) Nr. 6218 (dieses Exemplar); Berman 538; Muntoni 23; De Wit Coll. 3756","comment":"","period":{"ikmk_period_id":"7","name_de":"Renaissance","name_en":null,"description_de":"","description_en":null,"concept_id":"http:\/\/vocab.getty.edu\/aat\/300021140","ndp_uri":"https:\/\/ikmk.smb.museum\/ndp\/period\/7"},"year_start":"1492","year_end":"1503","date_verbal":"1492-1503","year_islam":"0","references":[{"ikmk_referenz_id":323,"souce":"HAUM Mittelalter","number":"6218","similar":"0"}],"manufacturing":[{"ikmk_manufacturing_id":"21","manufacturing_name_de":"gepr\u00e4gt","manufacturing_name_en":"struck","nomisma_id":"http:\/\/nomisma.org\/id\/struck","ndp_uri":"https:\/\/ikmk.smb.museum\/ndp\/manufacture\/21"}],"linked_persons_corporations":{"57":{"ikmk_type_id":"57","type_name_de":"Autorit\u00e4t","type_name_en":"Authority","type_nomisma_id":"http:\/\/nomisma.org\/id\/authority","type_concept_id":"http:\/\/d-nb.info\/gnd\/1051614252","ndp_id":"https:\/\/ikmk.smb.museum\/ndp\/type_for_person_and_corporation\/57","items":{"277":{"ikmk_person_id":"277","title_de":null,"first_name_de":null,"last_name_de":"Alexander VI. (1492-1503), Papst","vitalDates":"01.01.1431 - 18.08.1503","title_en":null,"first_name_en":null,"last_name_en":"Alexander VI (1492-1503), pope","corporation":"0","lod":{"https:\/\/d-nb.info\/gnd\/118501844":"https:\/\/d-nb.info\/gnd\/118501844","https:\/\/de.wikipedia.org\/wiki\/Alexander_VI.":"https:\/\/de.wikipedia.org\/wiki\/Alexander_VI.","https:\/\/en.wikipedia.org\/wiki\/Pope_Alexander_VI":"https:\/\/en.wikipedia.org\/wiki\/Pope_Alexander_VI","https:\/\/viaf.org\/viaf\/2501524":"https:\/\/viaf.org\/viaf\/2501524","https:\/\/www.britishmuseum.org\/collection\/term\/BIOG17066":"https:\/\/www.britishmuseum.org\/collection\/term\/BIOG17066","https:\/\/www.wikidata.org\/wiki\/Q108316":"https:\/\/www.wikidata.org\/wiki\/Q108316","https:\/\/ikmk.smb.museum\/ndp\/person\/277":"https:\/\/ikmk.smb.museum\/ndp\/person\/277"}}}}},"keywords":[{"ikmk_keyword_id":"90","keyword_de":"16. Jh.","keyword_gnd_uri":"","keyword_concept_uri":"http:\/\/vocab.getty.edu\/aat\/300404510"},{"ikmk_keyword_id":"37","keyword_de":"Geistliche F\u00fcrsten","keyword_gnd_uri":"http:\/\/d-nb.info\/gnd\/4156371-2","keyword_concept_uri":"https:\/\/nomisma.org\/id\/clergy"},{"ikmk_keyword_id":"47","keyword_de":"Heilige","keyword_gnd_uri":"http:\/\/d-nb.info\/gnd\/4024055-1","keyword_concept_uri":"http:\/\/vocab.getty.edu\/aat\/300150555"},{"ikmk_keyword_id":"80","keyword_de":"Heraldik und Wappen","keyword_gnd_uri":"http:\/\/d-nb.info\/gnd\/4072428-1","keyword_concept_uri":"http:\/\/vocab.getty.edu\/aat\/300077808"},{"ikmk_keyword_id":"22","keyword_de":"Italien","keyword_gnd_uri":"http:\/\/d-nb.info\/gnd\/4027833-5","keyword_concept_uri":"http:\/\/vocab.getty.edu\/tgn\/1000080"},{"ikmk_keyword_id":"3","keyword_de":"Neuzeit","keyword_gnd_uri":"http:\/\/d-nb.info\/gnd\/4171678-4","keyword_concept_uri":""},{"ikmk_keyword_id":"69","keyword_de":"Silber","keyword_gnd_uri":"http:\/\/d-nb.info\/gnd\/4133759-1","keyword_concept_uri":"http:\/\/www.nomisma.org\/id\/ar"},{"ikmk_keyword_id":"10","keyword_de":"Sp\u00e4tmittelalter, 13.-15. Jh.","keyword_gnd_uri":"http:\/\/d-nb.info\/gnd\/7503823-7","keyword_concept_uri":"http:\/\/vocab.getty.edu\/aat\/300111307"}],"timeline_themes":[{"ikmk_timeline_id":"127","timeline_item":"Das Geld der P\u00e4pste","description":"Nach dem Abzug der Byzantiner aus Norditalien im 8. Jh., wo sie als Enklave das Exarchat Ravenna besa\u00dfen, \u00fcbernahmen die P\u00e4pste die byzantinische M\u00fcnzst\u00e4tte in Rom. Erster mit eigenen M\u00fcnzen hervorgetretener Papst ist Hadrian I. (772-795). Seit der Kaiserkr\u00f6nung Karls des Gro\u00dfen 800 ist auf den p\u00e4pstlichen M\u00fcnzen auch der Kaiser als Schutzherr Roms und der P\u00e4pste genannt. Diese erste Phase p\u00e4pstlicher M\u00fcnzpr\u00e4gung endete im 11. Jh. Die zweite Phase p\u00e4pstlicher M\u00fcnzpr\u00e4gung f\u00e4llt in das Sp\u00e4tmittelalter, zuerst in Avignon (Frankreich, Comtat Venaissin), wo die P\u00e4pste seit 1309 residierten, ab 1417 dann wieder in Rom.","year_from":"772","year_until":"1500","autor":"Kluge, Bernd"},{"ikmk_timeline_id":"90","timeline_item":"Am Ende des Mittelalters","description":"Neben die einfachen M\u00fcnzen des Geldverkehrs traten im Laufe des 15. Jh. in Europa die Kategorien besonders werthoher M\u00fcnzen und von M\u00fcnzen mit Repr\u00e4sentationsauftrag. K\u00fcnstlerisch ansprechende Bilder, Sorgfalt des Stempelschnitts und der technischen Herstellung zeichnen sie aus. Eine besondere Rolle spielte dabei der pers\u00f6nlich an der M\u00fcnzpr\u00e4gung interessierte Erzherzog Sigismund der M\u00fcnzreiche von Tirol (1439-1496) und die von ihm 1477 in Hall\/Tirol gegr\u00fcndete M\u00fcnzst\u00e4tte. Dort ist 1486 der Taler \u201eerfunden\u201c worden, und bis ins 17. Jh. war Hall der technisch f\u00fchrende M\u00fcnzbetrieb Europas.","year_from":"1450","year_until":"1520","autor":"Kluge, Bernd"}],"text_right":{"short":"CC BY-SA 4.0","icon":"https:\/\/licensebuttons.net\/l\/by-sa\/4.0\/80x15.png","url":{"de":"https:\/\/creativecommons.org\/licenses\/by-sa\/4.0\/deed.de","en":"https:\/\/creativecommons.org\/licenses\/by-sa\/4.0\/deed.en"},"label":{"de":"Creative Commons Namensnennung - Weitergabe unter gleichen Bedingungen 4.0 International","en":"Creative Commons Attribution-ShareAlike 4.0 International"},"string":{"de":"Texte und Beschreibungen in diesem Online-Katalog stehen unter einer <a href=\"https:\/\/creativecommons.org\/licenses\/by-sa\/4.0\/deed.de\" target=\"_blank\">CC BY-SA 4.0<\/a> Lizenz.","en":"Texts and descriptions of this catalogue are licensed <a href=\"https:\/\/creativecommons.org\/licenses\/by-sa\/4.0\/deed.de\" target=\"_blank\">CC BY-SA 4.0<\/a>."}},"lod_right":{"short":"PDM 1.0","icon":"https:\/\/licensebuttons.net\/p\/zero\/1.0\/80x15.png","url":{"de":"https:\/\/creativecommons.org\/publicdomain\/mark\/1.0\/deed.de","en":"https:\/\/creativecommons.org\/publicdomain\/mark\/1.0\/deed.en"},"label":{"de":"Public Domain Mark 1.0","en":"Public Domain Mark 1.0"},"string":{"de":"Verwendete LOD-Identifikatoren sind <a href=\"https:\/\/creativecommons.org\/publicdomain\/mark\/1.0\/deed.de\" target=\"_blank\">PDM 1.0<\/a>.","en":"LOD ids used are licensed <a href=\"https:\/\/creativecommons.org\/publicdomain\/mark\/1.0\/deed.en\" target=\"_blank\">Public Domain Mark 1.0<\/a>."}},"image_restriction_id":0,"image_restriction":"free","image_right":{"short":"PDM 1.0","icon":"https:\/\/licensebuttons.net\/p\/zero\/1.0\/80x15.png","url":{"de":"https:\/\/creativecommons.org\/publicdomain\/mark\/1.0\/deed.de","en":"https:\/\/creativecommons.org\/publicdomain\/mark\/1.0\/deed.en"},"label":{"de":"Public Domain Mark 1.0","en":"Public Domain Mark 1.0"}}}