{"language_default":"de","language_more":[],"ikmk_id":"598","eLearning_completed":"0","primary_source_id":"0","title":"Ferrara: Ercole I. d'Este","inventory_number":"403\/24","activated":"yes","item":{"ikmk_item_id":"1","ndp_uri":"https:\/\/ikmk.smb.museum\/ndp\/item\/1","item_de":"M\u00fcnze","item_en":"Coin","item_nomisma":"http:\/\/nomisma.org\/id\/coin"},"permalink":"https:\/\/www.virtuelles-muenzkabinett.de\/object?id=ID598","permalink_source":null,"publisher":{"ikmk_publisher_id":61,"ndp_uri":"https:\/\/ikmk.smb.museum\/ndp\/owner\/61","publisher_name":"Herzog Anton Ulrich-Museum","publisher_isil":"http:\/\/ld.zdb-services.de\/resource\/organisations\/DE-MUS-026819","publisher_isil_short":"DE-MUS-026819","UID":"http:\/\/ld.zdb-services.de\/resource\/organisations\/DE-MUS-026819\/ID598","legalBodyWeblink":"https:\/\/www.3landesmuseen.de\/Herzog-Anton-Ulrich-Museum.304.0.html","nomisma_address":"http:\/\/nomisma.org\/id\/hau_museum_braunschweig","author":"Leschhorn, Wolfgang"},"owner":{"ikmk_owner_id":"61","owner_name":"Braunschweig, Herzog Anton Ulrich-Museum","owner_isil":"http:\/\/ld.zdb-services.de\/resource\/organisations\/DE-MUS-026819","owner_isil_short":"DE-MUS-026819","owner_www_address":"https:\/\/www.virtuelles-muenzkabinett.de","nomisma_address":"http:\/\/nomisma.org\/id\/hau_museum_braunschweig","ndp_uri":"https:\/\/ikmk.smb.museum\/ndp\/owner\/61","owner_type":{"de":"Eigentum","en":"Property","ikmk_type_id":"2","ndp_uri":"https:\/\/ikmk.smb.museum\/ndp\/status_of_property\/2"}},"ikmk_status_id":"7","status":{"de":"vorhanden","en":"present","ikmk_status_id":"7","ndp_uri":"https:\/\/ikmk.smb.museum\/ndp\/object_status\/7"},"nominal":{"ikmk_nominal_id":"1160","nominal_de":"Teston","nominal_en":"Teston","nominal_nomisma_id":"http:\/\/nomisma.org\/id\/teston_fr","nominal_gnd_id":"","info_de":"","info_en":"","ndp_uri":"https:\/\/ikmk.smb.museum\/ndp\/denomination\/1160"},"date_last":"2025-05-17 04:01:20","coin_status":[{"ikmk_coin_status_id":"20","coin_status_name_de":"F\u00fcrstentum","coin_status_name_en":"Principality","coin_status_nomisma_id":"http:\/\/nomisma.org\/id\/prince","ndp_uri":"https:\/\/ikmk.smb.museum\/ndp\/class_status\/20"}],"mint":[{"ikmk_country_id":"25","country_ndp_url":"https:\/\/ikmk.smb.museum\/ndp\/country\/25","country_name_de":"Italien","country_name_en":"Italy","country_nomisma_id":"http:\/\/nomisma.org\/id\/italian_republic","country_geoname_id":"http:\/\/www.geonames.org\/3175395","ikmk_region_id":"261","region_ndp_uri":"https:\/\/ikmk.smb.museum\/ndp\/region\/261","region_name_de":"Emilia-Romagna","region_name_en":"Emilia-Romagna","region_nomisma_id":"","region_geoname_id":"http:\/\/www.geonames.org\/3177401","ikmk_mint_id":"635","mint_ndp_uri":"https:\/\/ikmk.smb.museum\/ndp\/location\/635","mint_name":"Ferrara","mint_name_de":"Ferrara","mint_name_en":null,"mint_nomisma_id":"","mint_geoname_id":"http:\/\/www.geonames.org\/3177090"}],"material":{"ikmk_material_id":"1","material_name_de":"Silber","material_name_en":"Silver","material_nomisma_id":"http:\/\/nomisma.org\/id\/ar","ndp_uri":"https:\/\/ikmk.smb.museum\/ndp\/material\/1"},"diameter":"26 mm","weight":"7.64 g","accession":"","access_year":"","provenienz_extern":"Auktion Zschieschke-K\u00f6der, Leipzig 1893","acquisition_date":null,"avers":{"leg_trans":"","leg_text":"HERCVLES FERRAR DVX II","image_description":"Kopf nach rechts.","foto_date":"2014-03-27","photographer":{"ikmk_photographer_id":"2","photographer_name":"Raithel, Robert","photographer_gnd":"","photographer_viaf":""},"path_thumbnail":"https:\/\/www.virtuelles-muenzkabinett.de\/image\/ID598\/vs_opt.jpg","path_opt":"https:\/\/www.virtuelles-muenzkabinett.de\/image\/ID598\/vs_opt.jpg","path_opt_rel":"\/var\/www\/html\/mk-edit\/images\/n0\/598\/vs_opt.jpg","path":"https:\/\/www.virtuelles-muenzkabinett.de\/image\/ID598\/vs_org.jpg","path_org":"https:\/\/www.virtuelles-muenzkabinett.de\/image\/ID598\/vs_org.jpg","image_timestamp":1549349523,"copyright":{"short":"PDM 1.0","url":"https:\/\/creativecommons.org\/publicdomain\/mark\/1.0\/","de":"Bilddateien sind <a href=\"https:\/\/creativecommons.org\/publicdomain\/mark\/1.0\/deed.de\" target=\"_blank\">Public Domain Mark 1.0<\/a>. Braunschweig, Herzog Anton Ulrich-Museum, ID598. Aufnahme durch Raithel, Robert.","en":"Image files are licensed&nbsp;<a href=\"https:\/\/creativecommons.org\/publicdomain\/mark\/1.0\/deed.en\" target=\"_blank\">Public Domain Mark 1.0<\/a>. Braunschweig, Herzog Anton Ulrich-Museum, ID598. Photographs by Raithel, Robert."}},"revers":{"leg_trans":"","leg_text":"","image_description":"Hydra mit sieben K\u00f6pfen.","foto_date":"2014-03-27","photographer":{"ikmk_photographer_id":"2","photographer_name":"Raithel, Robert","photographer_gnd":"","photographer_viaf":""},"path_thumbnail":"https:\/\/www.virtuelles-muenzkabinett.de\/image\/ID598\/rs_opt.jpg","path_opt":"https:\/\/www.virtuelles-muenzkabinett.de\/image\/ID598\/rs_opt.jpg","path_opt_rel":"\/var\/www\/html\/mk-edit\/images\/n0\/598\/rs_opt.jpg","path":"https:\/\/www.virtuelles-muenzkabinett.de\/image\/ID598\/rs_org.jpg","path_org":"https:\/\/www.virtuelles-muenzkabinett.de\/image\/ID598\/rs_org.jpg","image_timestamp":1549349569,"copyright":{"short":"PDM 1.0","url":"https:\/\/creativecommons.org\/publicdomain\/mark\/1.0\/","de":"Bilddateien sind <a href=\"https:\/\/creativecommons.org\/publicdomain\/mark\/1.0\/deed.de\" target=\"_blank\">Public Domain Mark 1.0<\/a>. Braunschweig, Herzog Anton Ulrich-Museum, ID598. Aufnahme durch Raithel, Robert.","en":"Image files are licensed&nbsp;<a href=\"https:\/\/creativecommons.org\/publicdomain\/mark\/1.0\/deed.en\" target=\"_blank\">Public Domain Mark 1.0<\/a>. Braunschweig, Herzog Anton Ulrich-Museum, ID598. Photographs by Raithel, Robert."}},"division":{"ikmk_division_id":"3","division_name_de":"Neuzeit","division_name_en":"Modern Period"},"sub_division":{"ikmk_subdivision_id":"25","subdivision_name_de":"16. Jh.","subdivision_name_en":"16th century"},"literatur":"W. Leschhorn, Mittelalterliche M\u00fcnzen (2015) Nr. 6195 (dieses Exemplar); CNI 10, S. 435,17ff.; Thomsen 2115","comment":"","period":{"ikmk_period_id":"7","name_de":"Renaissance","name_en":null,"description_de":"","description_en":null,"concept_id":"http:\/\/vocab.getty.edu\/aat\/300021140","ndp_uri":"https:\/\/ikmk.smb.museum\/ndp\/period\/7"},"year_start":"1471","year_end":"1505","date_verbal":"1471-1505","year_islam":"0","references":[{"ikmk_referenz_id":323,"souce":"HAUM Mittelalter","number":"6195","similar":"0"}],"manufacturing":[{"ikmk_manufacturing_id":"21","manufacturing_name_de":"gepr\u00e4gt","manufacturing_name_en":"struck","nomisma_id":"http:\/\/nomisma.org\/id\/struck","ndp_uri":"https:\/\/ikmk.smb.museum\/ndp\/manufacture\/21"}],"linked_persons_corporations":{"54":{"ikmk_type_id":"54","type_name_de":"Dargestellte\/r","type_name_en":"Sitter","type_nomisma_id":"http:\/\/nomisma.org\/id\/portrait","type_concept_id":"http:\/\/vocab.getty.edu\/aat\/300189844","ndp_id":"https:\/\/ikmk.smb.museum\/ndp\/type_for_person_and_corporation\/54","items":{"4102":{"ikmk_person_id":"4102","title_de":null,"first_name_de":null,"last_name_de":"Ercole d'Este (1471-1505), Herzog von Ferrara, Modena und Reggio","vitalDates":"26.10.1431 - 15.06.1515","title_en":null,"first_name_en":null,"last_name_en":"Ercole d'Este (1471-1505), duke of Ferrara, Modena and Reggio","corporation":"0","lod":{"https:\/\/d-nb.info\/gnd\/119391856":"https:\/\/d-nb.info\/gnd\/119391856","https:\/\/en.wikipedia.org\/wiki\/Ercole_I_d'Este,_Duke_of_Ferrara":"https:\/\/en.wikipedia.org\/wiki\/Ercole_I_d'Este,_Duke_of_Ferrara","https:\/\/viaf.org\/viaf\/50035133":"https:\/\/viaf.org\/viaf\/50035133","https:\/\/www.britishmuseum.org\/collection\/term\/BIOG107421":"https:\/\/www.britishmuseum.org\/collection\/term\/BIOG107421","https:\/\/www.wikidata.org\/wiki\/Q1348708":"https:\/\/www.wikidata.org\/wiki\/Q1348708","https:\/\/ikmk.smb.museum\/ndp\/person\/4102":"https:\/\/ikmk.smb.museum\/ndp\/person\/4102"}}}},"57":{"ikmk_type_id":"57","type_name_de":"Autorit\u00e4t","type_name_en":"Authority","type_nomisma_id":"http:\/\/nomisma.org\/id\/authority","type_concept_id":"http:\/\/d-nb.info\/gnd\/1051614252","ndp_id":"https:\/\/ikmk.smb.museum\/ndp\/type_for_person_and_corporation\/57","items":{"4102":{"ikmk_person_id":"4102","title_de":null,"first_name_de":null,"last_name_de":"Ercole d'Este (1471-1505), Herzog von Ferrara, Modena und Reggio","vitalDates":"26.10.1431 - 15.06.1515","title_en":null,"first_name_en":null,"last_name_en":"Ercole d'Este (1471-1505), duke of Ferrara, Modena and Reggio","corporation":"0","lod":{"https:\/\/d-nb.info\/gnd\/119391856":"https:\/\/d-nb.info\/gnd\/119391856","https:\/\/en.wikipedia.org\/wiki\/Ercole_I_d'Este,_Duke_of_Ferrara":"https:\/\/en.wikipedia.org\/wiki\/Ercole_I_d'Este,_Duke_of_Ferrara","https:\/\/viaf.org\/viaf\/50035133":"https:\/\/viaf.org\/viaf\/50035133","https:\/\/www.britishmuseum.org\/collection\/term\/BIOG107421":"https:\/\/www.britishmuseum.org\/collection\/term\/BIOG107421","https:\/\/www.wikidata.org\/wiki\/Q1348708":"https:\/\/www.wikidata.org\/wiki\/Q1348708","https:\/\/ikmk.smb.museum\/ndp\/person\/4102":"https:\/\/ikmk.smb.museum\/ndp\/person\/4102"}}}},"125":{"ikmk_type_id":"125","type_name_de":"Ver\u00e4u\u00dferer (an Museum)","type_name_en":"Vendor (to Museum)","type_nomisma_id":"","type_concept_id":"http:\/\/d-nb.info\/gnd\/4126928-7","ndp_id":"https:\/\/ikmk.smb.museum\/ndp\/type_for_person_and_corporation\/125","items":{"5550":{"ikmk_person_id":"5550","title_de":null,"first_name_de":null,"last_name_de":"Zschiesche & K\u00f6der (Leipzig)","vitalDates":null,"title_en":null,"first_name_en":null,"last_name_en":"Zschiesche & K\u00f6der (Leipzig)","corporation":"1","lod":{"https:\/\/d-nb.info\/gnd\/2078916-6":"https:\/\/d-nb.info\/gnd\/2078916-6","https:\/\/viaf.org\/viaf\/129682291":"https:\/\/viaf.org\/viaf\/129682291","https:\/\/ikmk.smb.museum\/ndp\/corporation\/5550":"https:\/\/ikmk.smb.museum\/ndp\/corporation\/5550"}}}}},"keywords":[{"ikmk_keyword_id":"11","keyword_de":"15. Jh.","keyword_gnd_uri":"","keyword_concept_uri":"http:\/\/vocab.getty.edu\/aat\/300404465"},{"ikmk_keyword_id":"90","keyword_de":"16. Jh.","keyword_gnd_uri":"","keyword_concept_uri":"http:\/\/vocab.getty.edu\/aat\/300404510"},{"ikmk_keyword_id":"75","keyword_de":"Fabelwesen","keyword_gnd_uri":"http:\/\/d-nb.info\/gnd\/4016114-6","keyword_concept_uri":"http:\/\/vocab.getty.edu\/aat\/300379738"},{"ikmk_keyword_id":"44","keyword_de":"Herrscherrepr\u00e4sentation","keyword_gnd_uri":"","keyword_concept_uri":""},{"ikmk_keyword_id":"22","keyword_de":"Italien","keyword_gnd_uri":"http:\/\/d-nb.info\/gnd\/4027833-5","keyword_concept_uri":"http:\/\/vocab.getty.edu\/tgn\/1000080"},{"ikmk_keyword_id":"3","keyword_de":"Neuzeit","keyword_gnd_uri":"http:\/\/d-nb.info\/gnd\/4171678-4","keyword_concept_uri":""},{"ikmk_keyword_id":"69","keyword_de":"Silber","keyword_gnd_uri":"http:\/\/d-nb.info\/gnd\/4133759-1","keyword_concept_uri":"http:\/\/www.nomisma.org\/id\/ar"},{"ikmk_keyword_id":"10","keyword_de":"Sp\u00e4tmittelalter, 13.-15. Jh.","keyword_gnd_uri":"http:\/\/d-nb.info\/gnd\/7503823-7","keyword_concept_uri":"http:\/\/vocab.getty.edu\/aat\/300111307"},{"ikmk_keyword_id":"34","keyword_de":"Weltliche F\u00fcrsten","keyword_gnd_uri":"http:\/\/d-nb.info\/gnd\/4166473-5","keyword_concept_uri":""}],"timeline_themes":[{"ikmk_timeline_id":"82","timeline_item":"Herz\u00f6ge, Grafen, F\u00fcrsten","description":"Das urspr\u00fcnglich nur dem K\u00f6nig bzw. Kaiser zustehende M\u00fcnzrecht ist seit dem 10. Jh. in Deutschland und Frankreich auch auf den weltlichen Adel \u00fcbergegangen, teils durch k\u00f6nigliche Delegation, teils infolge der Schw\u00e4che des K\u00f6nigtums durch  Usurpation und Gewohnheitsrecht. W\u00e4hrend in Frankreich die M\u00fcnzpr\u00e4gung des Adels durch das K\u00f6nigtum im Laufe der Zeit zur\u00fcckgedr\u00e4ngt und am Ende des Mittelalters ganz aufh\u00f6rte, ist sie im Gebiet des Deutschen Reiches zu einem festen Bestandteil des M\u00fcnzwesens geworden und im 13. Jh. durch das K\u00f6nigtum auch formal sanktioniert worden.","year_from":"900","year_until":"1500","autor":"Kluge, Bernd"},{"ikmk_timeline_id":"115","timeline_item":"Italien im Sp\u00e4tmittelalter","description":"Ende des 12. und in der ersten H\u00e4lfte des 13. Jh. entstanden deshalb in Venedig sowie den St\u00e4dten der Lombardei (Reichsitalien) und der Toskana gr\u00f6\u00dfere und schwerere Silberm\u00fcnzen (Grossi), die zwischen 12 und 24 Pfennige in einer einzigen M\u00fcnze ersetzten. Die dadurch eingeleitete Vielfalt der Groschenpr\u00e4gung bietet ein Spiegelbild der politischen Landkarte Italiens im Sp\u00e4tmittelalter. Der 1303 im K\u00f6nigreich Neapel eingef\u00fchrte Gigliato (Carlino) wurde zum wichtigsten M\u00fcnztyp des s\u00fcdlichen Mittelmeerraumes. Italien ist die Wiege der sp\u00e4tmittelalterlichen Goldm\u00fcnzenpr\u00e4gung. Die ab 1231 gem\u00fcnzten Augustalen Kaiser Friedrichs II. (1197-1250) stehen noch im Kontext des antiken kaiserlichen Goldm\u00fcnzenmonopols, w\u00e4hrend die ab 1252 in Florenz (Fiorino d\u2019oro, Floren) und Genua und ab 1284 in Venedig (Ducato) ausgegebenen Goldm\u00fcnzen das auf der Wirtschaftsmacht beruhende politische Selbstbewusstsein der italienischen Stadtrepubliken demonstrieren.","year_from":"1200","year_until":"1500","autor":"Kluge, Bernd"},{"ikmk_timeline_id":"88","timeline_item":"Testone und Dicken","description":"In der zweiten H\u00e4lfte des 15. Jhs. kommen in Italien, der Schweiz und S\u00fcddeutschland gr\u00f6\u00dfere Silberm\u00fcnzen im Gewicht um 9 Gramm auf, die in Italien Testone, in den deutschsprachigen gebieten meist Dicken genannt werden. Sie stellten eine neue gehobene Schicht von Zahlungsmitteln dar, deren Stempel sorgf\u00e4ltig geschnitten wurden und mit anspruchsvollen Bildern, versehen waren. Mit lebensnahen M\u00fcnzportr\u00e4ts zeigen sie, da\u00df der Geist der Renaissance auch auf den M\u00fcnzen Einzug gehalten hat.","year_from":"1450","year_until":"1520","autor":"Kluge, Bernd"}],"text_right":{"short":"CC BY-SA 4.0","icon":"https:\/\/licensebuttons.net\/l\/by-sa\/4.0\/80x15.png","url":{"de":"https:\/\/creativecommons.org\/licenses\/by-sa\/4.0\/deed.de","en":"https:\/\/creativecommons.org\/licenses\/by-sa\/4.0\/deed.en"},"label":{"de":"Creative Commons Namensnennung - Weitergabe unter gleichen Bedingungen 4.0 International","en":"Creative Commons Attribution-ShareAlike 4.0 International"},"string":{"de":"Texte und Beschreibungen in diesem Online-Katalog stehen unter einer <a href=\"https:\/\/creativecommons.org\/licenses\/by-sa\/4.0\/deed.de\" target=\"_blank\">CC BY-SA 4.0<\/a> Lizenz.","en":"Texts and descriptions of this catalogue are licensed <a href=\"https:\/\/creativecommons.org\/licenses\/by-sa\/4.0\/deed.de\" target=\"_blank\">CC BY-SA 4.0<\/a>."}},"lod_right":{"short":"PDM 1.0","icon":"https:\/\/licensebuttons.net\/p\/zero\/1.0\/80x15.png","url":{"de":"https:\/\/creativecommons.org\/publicdomain\/mark\/1.0\/deed.de","en":"https:\/\/creativecommons.org\/publicdomain\/mark\/1.0\/deed.en"},"label":{"de":"Public Domain Mark 1.0","en":"Public Domain Mark 1.0"},"string":{"de":"Verwendete LOD-Identifikatoren sind <a href=\"https:\/\/creativecommons.org\/publicdomain\/mark\/1.0\/deed.de\" target=\"_blank\">PDM 1.0<\/a>.","en":"LOD ids used are licensed <a href=\"https:\/\/creativecommons.org\/publicdomain\/mark\/1.0\/deed.en\" target=\"_blank\">Public Domain Mark 1.0<\/a>."}},"image_restriction_id":0,"image_restriction":"free","image_right":{"short":"PDM 1.0","icon":"https:\/\/licensebuttons.net\/p\/zero\/1.0\/80x15.png","url":{"de":"https:\/\/creativecommons.org\/publicdomain\/mark\/1.0\/deed.de","en":"https:\/\/creativecommons.org\/publicdomain\/mark\/1.0\/deed.en"},"label":{"de":"Public Domain Mark 1.0","en":"Public Domain Mark 1.0"}}}