{"language_default":"de","language_more":[],"ikmk_id":"434","eLearning_completed":"0","primary_source_id":"0","title":"Waldeck: Adolf I.","inventory_number":"362a\/19","activated":"yes","item":{"ikmk_item_id":"1","ndp_uri":"https:\/\/ikmk.smb.museum\/ndp\/item\/1","item_de":"M\u00fcnze","item_en":"Coin","item_nomisma":"http:\/\/nomisma.org\/id\/coin"},"permalink":"https:\/\/www.virtuelles-muenzkabinett.de\/object?id=ID434","permalink_source":null,"publisher":{"ikmk_publisher_id":61,"ndp_uri":"https:\/\/ikmk.smb.museum\/ndp\/owner\/61","publisher_name":"Herzog Anton Ulrich-Museum","publisher_isil":"http:\/\/ld.zdb-services.de\/resource\/organisations\/DE-MUS-026819","publisher_isil_short":"DE-MUS-026819","UID":"http:\/\/ld.zdb-services.de\/resource\/organisations\/DE-MUS-026819\/ID434","legalBodyWeblink":"https:\/\/www.3landesmuseen.de\/Herzog-Anton-Ulrich-Museum.304.0.html","nomisma_address":"http:\/\/nomisma.org\/id\/hau_museum_braunschweig","author":"Leschhorn, Wolfgang"},"owner":{"ikmk_owner_id":"61","owner_name":"Braunschweig, Herzog Anton Ulrich-Museum","owner_isil":"http:\/\/ld.zdb-services.de\/resource\/organisations\/DE-MUS-026819","owner_isil_short":"DE-MUS-026819","owner_www_address":"https:\/\/www.virtuelles-muenzkabinett.de","nomisma_address":"http:\/\/nomisma.org\/id\/hau_museum_braunschweig","ndp_uri":"https:\/\/ikmk.smb.museum\/ndp\/owner\/61","owner_type":{"de":"Eigentum","en":"Property","ikmk_type_id":"2","ndp_uri":"https:\/\/ikmk.smb.museum\/ndp\/status_of_property\/2"}},"ikmk_status_id":"7","status":{"de":"vorhanden","en":"present","ikmk_status_id":"7","ndp_uri":"https:\/\/ikmk.smb.museum\/ndp\/object_status\/7"},"nominal":{"ikmk_nominal_id":"698","nominal_de":"Brakteat","nominal_en":"Bracteate","nominal_nomisma_id":"","nominal_gnd_id":"http:\/\/d-nb.info\/gnd\/4131287-9","info_de":"Neuzeitliche, aus dem Lateinischen abgeleitete Bezeichnung f\u00fcr eine besondere Form des mittelalterlichen und fr\u00fchneuzeitlichen Pfennigs. Ein h\u00e4ufig verwendetes Synonym ist Hohlpfennig (siehe dort), welcher insbesondere f\u00fcr nordeutsche Gepr\u00e4ge ab ca. 1300 verwendet wird.","info_en":"","ndp_uri":"https:\/\/ikmk.smb.museum\/ndp\/denomination\/698"},"date_last":"2025-05-17 04:01:16","coin_status":[{"ikmk_coin_status_id":"24","coin_status_name_de":"Grafschaft","coin_status_name_en":"County\/Earldom","coin_status_nomisma_id":"http:\/\/nomisma.org\/id\/count","ndp_uri":"https:\/\/ikmk.smb.museum\/ndp\/class_status\/24"}],"mint":[{"ikmk_country_id":"19","country_ndp_url":"https:\/\/ikmk.smb.museum\/ndp\/country\/19","country_name_de":"Deutschland","country_name_en":"Germany","country_nomisma_id":"http:\/\/nomisma.org\/id\/bundesrepublik_deutschland","country_geoname_id":"http:\/\/www.geonames.org\/2921044","ikmk_region_id":"72","region_ndp_uri":"https:\/\/ikmk.smb.museum\/ndp\/region\/72","region_name_de":"Hessen","region_name_en":"Hesse","region_nomisma_id":"","region_geoname_id":"http:\/\/www.geonames.org\/2905330","ikmk_mint_id":"2590","mint_ndp_uri":"https:\/\/ikmk.smb.museum\/ndp\/location\/2590","mint_name":"Freienhagen (Waldeck)","mint_name_de":"Freienhagen (Waldeck)","mint_name_en":null,"mint_nomisma_id":"","mint_geoname_id":"http:\/\/www.geonames.org\/2925154"}],"material":{"ikmk_material_id":"1","material_name_de":"Silber","material_name_en":"Silver","material_nomisma_id":"http:\/\/nomisma.org\/id\/ar","ndp_uri":"https:\/\/ikmk.smb.museum\/ndp\/material\/1"},"diameter":"36 mm","weight":"0.55 g","accession":"","access_year":"","provenienz_extern":"","acquisition_date":null,"avers":{"leg_trans":"","leg_text":"","image_description":"Reiter mit Fahne und Schild nach links, dahinter Falke auf Kuppe des Pferdes, links oben im Feld Kugel. Auf dem Rand V, V, zwei Sterne und vier Kugeln.","foto_date":"2014-03-05","photographer":{"ikmk_photographer_id":"2","photographer_name":"Raithel, Robert","photographer_gnd":"","photographer_viaf":""},"path_thumbnail":"https:\/\/www.virtuelles-muenzkabinett.de\/image\/ID434\/vs_opt.jpg","path_opt":"https:\/\/www.virtuelles-muenzkabinett.de\/image\/ID434\/vs_opt.jpg","path_opt_rel":"\/var\/www\/html\/mk-edit\/images\/n0\/434\/vs_opt.jpg","path":"https:\/\/www.virtuelles-muenzkabinett.de\/image\/ID434\/vs_org.jpg","path_org":"https:\/\/www.virtuelles-muenzkabinett.de\/image\/ID434\/vs_org.jpg","image_timestamp":1532035438,"copyright":{"short":"PDM 1.0","url":"https:\/\/creativecommons.org\/publicdomain\/mark\/1.0\/","de":"Bilddateien sind <a href=\"https:\/\/creativecommons.org\/publicdomain\/mark\/1.0\/deed.de\" target=\"_blank\">Public Domain Mark 1.0<\/a>. Braunschweig, Herzog Anton Ulrich-Museum, ID434. Aufnahme durch Raithel, Robert.","en":"Image files are licensed&nbsp;<a href=\"https:\/\/creativecommons.org\/publicdomain\/mark\/1.0\/deed.en\" target=\"_blank\">Public Domain Mark 1.0<\/a>. Braunschweig, Herzog Anton Ulrich-Museum, ID434. Photographs by Raithel, Robert."}},"division":{"ikmk_division_id":"2","division_name_de":"Mittelalter","division_name_en":"Medieval Period"},"sub_division":{"ikmk_subdivision_id":"27","subdivision_name_de":"Sp\u00e4tmittelalter","subdivision_name_en":"Late Middle Ages"},"literatur":"W. Leschhorn, Mittelalterliche M\u00fcnzen (2015) Nr. 603 (dieses Exemplar); Kestner-Museum 2238; L\u00f6bbecke 967; Slg. Gaettens I 1046; Slg. Bonhoff I 1433; Buchenau, Fd. v. Niederkaufungen 56.","comment":"","period":{"ikmk_period_id":"17","name_de":"Sp\u00e4tmittelalter","name_en":null,"description_de":"","description_en":null,"concept_id":"http:\/\/d-nb.info\/gnd\/7503823-7","ndp_uri":"https:\/\/ikmk.smb.museum\/ndp\/period\/17"},"year_start":"1224","year_end":"1270","date_verbal":"1224-1270","year_islam":"0","references":[{"ikmk_referenz_id":323,"souce":"HAUM Mittelalter","number":"0603","similar":"0"}],"manufacturing":[{"ikmk_manufacturing_id":"21","manufacturing_name_de":"gepr\u00e4gt","manufacturing_name_en":"struck","nomisma_id":"http:\/\/nomisma.org\/id\/struck","ndp_uri":"https:\/\/ikmk.smb.museum\/ndp\/manufacture\/21"}],"linked_persons_corporations":{"54":{"ikmk_type_id":"54","type_name_de":"Dargestellte\/r","type_name_en":"Sitter","type_nomisma_id":"http:\/\/nomisma.org\/id\/portrait","type_concept_id":"http:\/\/vocab.getty.edu\/aat\/300189844","ndp_id":"https:\/\/ikmk.smb.museum\/ndp\/type_for_person_and_corporation\/54","items":{"223":{"ikmk_person_id":"223","title_de":null,"first_name_de":null,"last_name_de":"Adolf I. (1214-1270), Graf von Waldeck","vitalDates":"-03.10.1270","title_en":null,"first_name_en":null,"last_name_en":"Adolf I (1214-1270), count of Waldeck","corporation":"0","lod":{"https:\/\/de.wikipedia.org\/wiki\/Adolf_I._(Waldeck_und_Schwalenberg)":"https:\/\/de.wikipedia.org\/wiki\/Adolf_I._(Waldeck_und_Schwalenberg)","https:\/\/www.wikidata.org\/wiki\/Q362549":"https:\/\/www.wikidata.org\/wiki\/Q362549","https:\/\/ikmk.smb.museum\/ndp\/person\/223":"https:\/\/ikmk.smb.museum\/ndp\/person\/223"}}}},"57":{"ikmk_type_id":"57","type_name_de":"Autorit\u00e4t","type_name_en":"Authority","type_nomisma_id":"http:\/\/nomisma.org\/id\/authority","type_concept_id":"http:\/\/d-nb.info\/gnd\/1051614252","ndp_id":"https:\/\/ikmk.smb.museum\/ndp\/type_for_person_and_corporation\/57","items":{"223":{"ikmk_person_id":"223","title_de":null,"first_name_de":null,"last_name_de":"Adolf I. (1214-1270), Graf von Waldeck","vitalDates":"-03.10.1270","title_en":null,"first_name_en":null,"last_name_en":"Adolf I (1214-1270), count of Waldeck","corporation":"0","lod":{"https:\/\/de.wikipedia.org\/wiki\/Adolf_I._(Waldeck_und_Schwalenberg)":"https:\/\/de.wikipedia.org\/wiki\/Adolf_I._(Waldeck_und_Schwalenberg)","https:\/\/www.wikidata.org\/wiki\/Q362549":"https:\/\/www.wikidata.org\/wiki\/Q362549","https:\/\/ikmk.smb.museum\/ndp\/person\/223":"https:\/\/ikmk.smb.museum\/ndp\/person\/223"}}}}},"keywords":[{"ikmk_keyword_id":"18","keyword_de":"Deutschland","keyword_gnd_uri":"http:\/\/d-nb.info\/gnd\/4011882-4","keyword_concept_uri":"http:\/\/vocab.getty.edu\/tgn\/7000084"},{"ikmk_keyword_id":"44","keyword_de":"Herrscherrepr\u00e4sentation","keyword_gnd_uri":"","keyword_concept_uri":""},{"ikmk_keyword_id":"2","keyword_de":"Mittelalter","keyword_gnd_uri":"http:\/\/d-nb.info\/gnd\/4129108-6","keyword_concept_uri":"http:\/\/vocab.getty.edu\/aat\/300020756"},{"ikmk_keyword_id":"69","keyword_de":"Silber","keyword_gnd_uri":"http:\/\/d-nb.info\/gnd\/4133759-1","keyword_concept_uri":"http:\/\/www.nomisma.org\/id\/ar"},{"ikmk_keyword_id":"10","keyword_de":"Sp\u00e4tmittelalter, 13.-15. Jh.","keyword_gnd_uri":"http:\/\/d-nb.info\/gnd\/7503823-7","keyword_concept_uri":"http:\/\/vocab.getty.edu\/aat\/300111307"},{"ikmk_keyword_id":"34","keyword_de":"Weltliche F\u00fcrsten","keyword_gnd_uri":"http:\/\/d-nb.info\/gnd\/4166473-5","keyword_concept_uri":""}],"timeline_themes":[{"ikmk_timeline_id":"82","timeline_item":"Herz\u00f6ge, Grafen, F\u00fcrsten","description":"Das urspr\u00fcnglich nur dem K\u00f6nig bzw. Kaiser zustehende M\u00fcnzrecht ist seit dem 10. Jh. in Deutschland und Frankreich auch auf den weltlichen Adel \u00fcbergegangen, teils durch k\u00f6nigliche Delegation, teils infolge der Schw\u00e4che des K\u00f6nigtums durch  Usurpation und Gewohnheitsrecht. W\u00e4hrend in Frankreich die M\u00fcnzpr\u00e4gung des Adels durch das K\u00f6nigtum im Laufe der Zeit zur\u00fcckgedr\u00e4ngt und am Ende des Mittelalters ganz aufh\u00f6rte, ist sie im Gebiet des Deutschen Reiches zu einem festen Bestandteil des M\u00fcnzwesens geworden und im 13. Jh. durch das K\u00f6nigtum auch formal sanktioniert worden.","year_from":"900","year_until":"1500","autor":"Kluge, Bernd"}],"text_right":{"short":"CC BY-SA 4.0","icon":"https:\/\/licensebuttons.net\/l\/by-sa\/4.0\/80x15.png","url":{"de":"https:\/\/creativecommons.org\/licenses\/by-sa\/4.0\/deed.de","en":"https:\/\/creativecommons.org\/licenses\/by-sa\/4.0\/deed.en"},"label":{"de":"Creative Commons Namensnennung - Weitergabe unter gleichen Bedingungen 4.0 International","en":"Creative Commons Attribution-ShareAlike 4.0 International"},"string":{"de":"Texte und Beschreibungen in diesem Online-Katalog stehen unter einer <a href=\"https:\/\/creativecommons.org\/licenses\/by-sa\/4.0\/deed.de\" target=\"_blank\">CC BY-SA 4.0<\/a> Lizenz.","en":"Texts and descriptions of this catalogue are licensed <a href=\"https:\/\/creativecommons.org\/licenses\/by-sa\/4.0\/deed.de\" target=\"_blank\">CC BY-SA 4.0<\/a>."}},"lod_right":{"short":"PDM 1.0","icon":"https:\/\/licensebuttons.net\/p\/zero\/1.0\/80x15.png","url":{"de":"https:\/\/creativecommons.org\/publicdomain\/mark\/1.0\/deed.de","en":"https:\/\/creativecommons.org\/publicdomain\/mark\/1.0\/deed.en"},"label":{"de":"Public Domain Mark 1.0","en":"Public Domain Mark 1.0"},"string":{"de":"Verwendete LOD-Identifikatoren sind <a href=\"https:\/\/creativecommons.org\/publicdomain\/mark\/1.0\/deed.de\" target=\"_blank\">PDM 1.0<\/a>.","en":"LOD ids used are licensed <a href=\"https:\/\/creativecommons.org\/publicdomain\/mark\/1.0\/deed.en\" target=\"_blank\">Public Domain Mark 1.0<\/a>."}},"image_restriction_id":0,"image_restriction":"free","image_right":{"short":"PDM 1.0","icon":"https:\/\/licensebuttons.net\/p\/zero\/1.0\/80x15.png","url":{"de":"https:\/\/creativecommons.org\/publicdomain\/mark\/1.0\/deed.de","en":"https:\/\/creativecommons.org\/publicdomain\/mark\/1.0\/deed.en"},"label":{"de":"Public Domain Mark 1.0","en":"Public Domain Mark 1.0"}}}