{"language_default":"de","language_more":[],"ikmk_id":"329","eLearning_completed":"0","primary_source_id":"0","title":"Kempten: Landfried","inventory_number":"374\/12","activated":"yes","item":{"ikmk_item_id":"1","ndp_uri":"https:\/\/ikmk.smb.museum\/ndp\/item\/1","item_de":"M\u00fcnze","item_en":"Coin","item_nomisma":"http:\/\/nomisma.org\/id\/coin"},"permalink":"https:\/\/www.virtuelles-muenzkabinett.de\/object?id=ID329","permalink_source":null,"publisher":{"ikmk_publisher_id":61,"ndp_uri":"https:\/\/ikmk.smb.museum\/ndp\/owner\/61","publisher_name":"Herzog Anton Ulrich-Museum","publisher_isil":"http:\/\/ld.zdb-services.de\/resource\/organisations\/DE-MUS-026819","publisher_isil_short":"DE-MUS-026819","UID":"http:\/\/ld.zdb-services.de\/resource\/organisations\/DE-MUS-026819\/ID329","legalBodyWeblink":"https:\/\/www.3landesmuseen.de\/Herzog-Anton-Ulrich-Museum.304.0.html","nomisma_address":"http:\/\/nomisma.org\/id\/hau_museum_braunschweig","author":"Leschhorn, Wolfgang"},"owner":{"ikmk_owner_id":"61","owner_name":"Braunschweig, Herzog Anton Ulrich-Museum","owner_isil":"http:\/\/ld.zdb-services.de\/resource\/organisations\/DE-MUS-026819","owner_isil_short":"DE-MUS-026819","owner_www_address":"https:\/\/www.virtuelles-muenzkabinett.de","nomisma_address":"http:\/\/nomisma.org\/id\/hau_museum_braunschweig","ndp_uri":"https:\/\/ikmk.smb.museum\/ndp\/owner\/61","owner_type":{"de":"Eigentum","en":"Property","ikmk_type_id":"2","ndp_uri":"https:\/\/ikmk.smb.museum\/ndp\/status_of_property\/2"}},"ikmk_status_id":"7","status":{"de":"vorhanden","en":"present","ikmk_status_id":"7","ndp_uri":"https:\/\/ikmk.smb.museum\/ndp\/object_status\/7"},"nominal":{"ikmk_nominal_id":"731","nominal_de":"Denar (D\u00fcnnpfennig)","nominal_en":"Denar (D\u00fcnnpfennig)","nominal_nomisma_id":"","nominal_gnd_id":null,"info_de":null,"info_en":null,"ndp_uri":"https:\/\/ikmk.smb.museum\/ndp\/denomination\/731"},"date_last":"2025-05-17 04:01:14","coin_status":[{"ikmk_coin_status_id":"1","coin_status_name_de":"Abtei","coin_status_name_en":"Abbey","coin_status_nomisma_id":"http:\/\/nomisma.org\/id\/abbot","ndp_uri":"https:\/\/ikmk.smb.museum\/ndp\/class_status\/1"}],"mint":[{"ikmk_country_id":"19","country_ndp_url":"https:\/\/ikmk.smb.museum\/ndp\/country\/19","country_name_de":"Deutschland","country_name_en":"Germany","country_nomisma_id":"http:\/\/nomisma.org\/id\/bundesrepublik_deutschland","country_geoname_id":"http:\/\/www.geonames.org\/2921044","ikmk_region_id":"98","region_ndp_uri":"https:\/\/ikmk.smb.museum\/ndp\/region\/98","region_name_de":"Schwaben","region_name_en":"Swabia","region_nomisma_id":"","region_geoname_id":"","ikmk_mint_id":"199","mint_ndp_uri":"https:\/\/ikmk.smb.museum\/ndp\/location\/199","mint_name":"Kempten","mint_name_de":"Kempten","mint_name_en":null,"mint_nomisma_id":"http:\/\/nomisma.org\/id\/kempten","mint_geoname_id":"http:\/\/www.geonames.org\/3220884"}],"material":{"ikmk_material_id":"1","material_name_de":"Silber","material_name_en":"Silver","material_nomisma_id":"http:\/\/nomisma.org\/id\/ar","ndp_uri":"https:\/\/ikmk.smb.museum\/ndp\/material\/1"},"diameter":"21 mm","weight":"0.43 g","accession":"","access_year":"","provenienz_extern":"","acquisition_date":null,"avers":{"leg_trans":"Trugschrift","leg_text":"","image_description":"Brustbild des Abtes nach links, davor Krummstab.","foto_date":"2014-03-05","photographer":{"ikmk_photographer_id":"2","photographer_name":"Raithel, Robert","photographer_gnd":"","photographer_viaf":""},"path_thumbnail":"https:\/\/www.virtuelles-muenzkabinett.de\/image\/ID329\/vs_opt.jpg","path_opt":"https:\/\/www.virtuelles-muenzkabinett.de\/image\/ID329\/vs_opt.jpg","path_opt_rel":"\/var\/www\/html\/mk-edit\/images\/n0\/329\/vs_opt.jpg","path":"https:\/\/www.virtuelles-muenzkabinett.de\/image\/ID329\/vs_org.jpg","path_org":"https:\/\/www.virtuelles-muenzkabinett.de\/image\/ID329\/vs_org.jpg","image_timestamp":1531601838,"copyright":{"short":"PDM 1.0","url":"https:\/\/creativecommons.org\/publicdomain\/mark\/1.0\/","de":"Bilddateien sind <a href=\"https:\/\/creativecommons.org\/publicdomain\/mark\/1.0\/deed.de\" target=\"_blank\">Public Domain Mark 1.0<\/a>. Braunschweig, Herzog Anton Ulrich-Museum, ID329. Aufnahme durch Raithel, Robert.","en":"Image files are licensed&nbsp;<a href=\"https:\/\/creativecommons.org\/publicdomain\/mark\/1.0\/deed.en\" target=\"_blank\">Public Domain Mark 1.0<\/a>. Braunschweig, Herzog Anton Ulrich-Museum, ID329. Photographs by Raithel, Robert."}},"division":{"ikmk_division_id":"2","division_name_de":"Mittelalter","division_name_en":"Medieval Period"},"sub_division":{"ikmk_subdivision_id":"19","subdivision_name_de":"Hochmittelalter","subdivision_name_en":"High Middle Ages"},"literatur":"W. Leschhorn, Mittelalterliche M\u00fcnzen (2015) Nr. 5546 (dieses Exemplar); Klein - Ulmer 106.1; Nau 199.28; Cahn, Konstanz 108a; Kestner-Museum 2559 (Abtei Reichenau, M\u00fcnzst\u00e4tte Radolfzell); Slg. Bonhoff I 1856 (Reichenau); Gebhart, Kempten, S. 88, 1b; De Wit Coll. 2465.","comment":"","period":{"ikmk_period_id":"14","name_de":"Hochmittelalter","name_en":null,"description_de":"","description_en":null,"concept_id":"http:\/\/d-nb.info\/gnd\/7503822-5","ndp_uri":"https:\/\/ikmk.smb.museum\/ndp\/period\/14"},"year_start":"1170","year_end":"1180","date_verbal":"ca. 1170-1180","year_islam":"0","references":[{"ikmk_referenz_id":323,"souce":"HAUM Mittelalter","number":"5546","similar":"0"}],"manufacturing":[{"ikmk_manufacturing_id":"21","manufacturing_name_de":"gepr\u00e4gt","manufacturing_name_en":"struck","nomisma_id":"http:\/\/nomisma.org\/id\/struck","ndp_uri":"https:\/\/ikmk.smb.museum\/ndp\/manufacture\/21"}],"linked_persons_corporations":{"54":{"ikmk_type_id":"54","type_name_de":"Dargestellte\/r","type_name_en":"Sitter","type_nomisma_id":"http:\/\/nomisma.org\/id\/portrait","type_concept_id":"http:\/\/vocab.getty.edu\/aat\/300189844","ndp_id":"https:\/\/ikmk.smb.museum\/ndp\/type_for_person_and_corporation\/54","items":{"8988":{"ikmk_person_id":"8988","title_de":null,"first_name_de":null,"last_name_de":"Landfried II. (1166-1185), Abt von Kempten","vitalDates":"-1185","title_en":null,"first_name_en":null,"last_name_en":"Landfried II (1166-1185), abbot of Kempten","corporation":"0","lod":{"https:\/\/www.wikidata.org\/wiki\/Q118483144":"https:\/\/www.wikidata.org\/wiki\/Q118483144","https:\/\/ikmk.smb.museum\/ndp\/person\/8988":"https:\/\/ikmk.smb.museum\/ndp\/person\/8988"}}}},"57":{"ikmk_type_id":"57","type_name_de":"Autorit\u00e4t","type_name_en":"Authority","type_nomisma_id":"http:\/\/nomisma.org\/id\/authority","type_concept_id":"http:\/\/d-nb.info\/gnd\/1051614252","ndp_id":"https:\/\/ikmk.smb.museum\/ndp\/type_for_person_and_corporation\/57","items":{"8988":{"ikmk_person_id":"8988","title_de":null,"first_name_de":null,"last_name_de":"Landfried II. (1166-1185), Abt von Kempten","vitalDates":"-1185","title_en":null,"first_name_en":null,"last_name_en":"Landfried II (1166-1185), abbot of Kempten","corporation":"0","lod":{"https:\/\/www.wikidata.org\/wiki\/Q118483144":"https:\/\/www.wikidata.org\/wiki\/Q118483144","https:\/\/ikmk.smb.museum\/ndp\/person\/8988":"https:\/\/ikmk.smb.museum\/ndp\/person\/8988"}}}}},"keywords":[{"ikmk_keyword_id":"18","keyword_de":"Deutschland","keyword_gnd_uri":"http:\/\/d-nb.info\/gnd\/4011882-4","keyword_concept_uri":"http:\/\/vocab.getty.edu\/tgn\/7000084"},{"ikmk_keyword_id":"37","keyword_de":"Geistliche F\u00fcrsten","keyword_gnd_uri":"http:\/\/d-nb.info\/gnd\/4156371-2","keyword_concept_uri":"https:\/\/nomisma.org\/id\/clergy"},{"ikmk_keyword_id":"44","keyword_de":"Herrscherrepr\u00e4sentation","keyword_gnd_uri":"","keyword_concept_uri":""},{"ikmk_keyword_id":"9","keyword_de":"Hochmittelalter, 10.-12. Jh.","keyword_gnd_uri":"http:\/\/d-nb.info\/gnd\/7503822-5","keyword_concept_uri":""},{"ikmk_keyword_id":"2","keyword_de":"Mittelalter","keyword_gnd_uri":"http:\/\/d-nb.info\/gnd\/4129108-6","keyword_concept_uri":"http:\/\/vocab.getty.edu\/aat\/300020756"},{"ikmk_keyword_id":"69","keyword_de":"Silber","keyword_gnd_uri":"http:\/\/d-nb.info\/gnd\/4133759-1","keyword_concept_uri":"http:\/\/www.nomisma.org\/id\/ar"}],"timeline_themes":[{"ikmk_timeline_id":"81","timeline_item":"Erzbisch\u00f6fe, Bisch\u00f6fe, \u00c4bte","description":"Um die wirtschaftlichen und politischen Potenzen der Kirche f\u00fcr das Reich und das eigene Seelenheil zu nutzen, ist die Kirche durch die K\u00f6nige im 10. und 11. Jh. im Deutschen Reich  mit Schenkungen bedacht worden. Zu diesen Schenkungen geh\u00f6rte auch die Verleihung des M\u00fcnzrechts. Auf diese Weise sind nahezu alle Erzbist\u00fcmer, Bist\u00fcmer und Reichsabteien in den Besitz des M\u00fcnzrechts gelangt, das die meisten auch ausge\u00fcbt haben. Die bis in die Neuzeit reichenden geistlichen M\u00fcnzpr\u00e4gungen in Deutschland haben ihre Wurzeln im 10. Jh.","year_from":"950","year_until":"1500","autor":"Kluge, Bernd"}],"text_right":{"short":"CC BY-SA 4.0","icon":"https:\/\/licensebuttons.net\/l\/by-sa\/4.0\/80x15.png","url":{"de":"https:\/\/creativecommons.org\/licenses\/by-sa\/4.0\/deed.de","en":"https:\/\/creativecommons.org\/licenses\/by-sa\/4.0\/deed.en"},"label":{"de":"Creative Commons Namensnennung - Weitergabe unter gleichen Bedingungen 4.0 International","en":"Creative Commons Attribution-ShareAlike 4.0 International"},"string":{"de":"Texte und Beschreibungen in diesem Online-Katalog stehen unter einer <a href=\"https:\/\/creativecommons.org\/licenses\/by-sa\/4.0\/deed.de\" target=\"_blank\">CC BY-SA 4.0<\/a> Lizenz.","en":"Texts and descriptions of this catalogue are licensed <a href=\"https:\/\/creativecommons.org\/licenses\/by-sa\/4.0\/deed.de\" target=\"_blank\">CC BY-SA 4.0<\/a>."}},"lod_right":{"short":"PDM 1.0","icon":"https:\/\/licensebuttons.net\/p\/zero\/1.0\/80x15.png","url":{"de":"https:\/\/creativecommons.org\/publicdomain\/mark\/1.0\/deed.de","en":"https:\/\/creativecommons.org\/publicdomain\/mark\/1.0\/deed.en"},"label":{"de":"Public Domain Mark 1.0","en":"Public Domain Mark 1.0"},"string":{"de":"Verwendete LOD-Identifikatoren sind <a href=\"https:\/\/creativecommons.org\/publicdomain\/mark\/1.0\/deed.de\" target=\"_blank\">PDM 1.0<\/a>.","en":"LOD ids used are licensed <a href=\"https:\/\/creativecommons.org\/publicdomain\/mark\/1.0\/deed.en\" target=\"_blank\">Public Domain Mark 1.0<\/a>."}},"image_restriction_id":0,"image_restriction":"free","image_right":{"short":"PDM 1.0","icon":"https:\/\/licensebuttons.net\/p\/zero\/1.0\/80x15.png","url":{"de":"https:\/\/creativecommons.org\/publicdomain\/mark\/1.0\/deed.de","en":"https:\/\/creativecommons.org\/publicdomain\/mark\/1.0\/deed.en"},"label":{"de":"Public Domain Mark 1.0","en":"Public Domain Mark 1.0"}}}