{"language_default":"de","language_more":[],"ikmk_id":"269","eLearning_completed":"0","primary_source_id":"0","title":"Verdun: Heinrich I.","inventory_number":"164a\/14","activated":"yes","item":{"ikmk_item_id":"1","ndp_uri":"https:\/\/ikmk.smb.museum\/ndp\/item\/1","item_de":"M\u00fcnze","item_en":"Coin","item_nomisma":"http:\/\/nomisma.org\/id\/coin"},"permalink":"https:\/\/www.virtuelles-muenzkabinett.de\/object?id=ID269","permalink_source":null,"publisher":{"ikmk_publisher_id":61,"ndp_uri":"https:\/\/ikmk.smb.museum\/ndp\/owner\/61","publisher_name":"Herzog Anton Ulrich-Museum","publisher_isil":"http:\/\/ld.zdb-services.de\/resource\/organisations\/DE-MUS-026819","publisher_isil_short":"DE-MUS-026819","UID":"http:\/\/ld.zdb-services.de\/resource\/organisations\/DE-MUS-026819\/ID269","legalBodyWeblink":"https:\/\/www.3landesmuseen.de\/Herzog-Anton-Ulrich-Museum.304.0.html","nomisma_address":"http:\/\/nomisma.org\/id\/hau_museum_braunschweig","author":"Leschhorn, Wolfgang"},"owner":{"ikmk_owner_id":"61","owner_name":"Braunschweig, Herzog Anton Ulrich-Museum","owner_isil":"http:\/\/ld.zdb-services.de\/resource\/organisations\/DE-MUS-026819","owner_isil_short":"DE-MUS-026819","owner_www_address":"https:\/\/www.virtuelles-muenzkabinett.de","nomisma_address":"http:\/\/nomisma.org\/id\/hau_museum_braunschweig","ndp_uri":"https:\/\/ikmk.smb.museum\/ndp\/owner\/61","owner_type":{"de":"Eigentum","en":"Property","ikmk_type_id":"2","ndp_uri":"https:\/\/ikmk.smb.museum\/ndp\/status_of_property\/2"}},"ikmk_status_id":"7","status":{"de":"vorhanden","en":"present","ikmk_status_id":"7","ndp_uri":"https:\/\/ikmk.smb.museum\/ndp\/object_status\/7"},"nominal":{"ikmk_nominal_id":"1308","nominal_de":"Obol (MA)\/H\u00e4lbling","nominal_en":"Obol (MA)\/Haebling","nominal_nomisma_id":"http:\/\/nomisma.org\/id\/medieval_obol","nominal_gnd_id":"","info_de":"Bezeichnet das Halbst\u00fcck des mittelalterlichen Denars.","info_en":"The medieval coin representing 1\/2 penny\/pfenning\/denarius\/denier.","ndp_uri":"https:\/\/ikmk.smb.museum\/ndp\/denomination\/1308"},"date_last":"2025-05-17 04:01:13","coin_status":[{"ikmk_coin_status_id":"36","coin_status_name_de":"K\u00f6nigtum (MA\/NZ)","coin_status_name_en":"Kingdom (medieval\/modern)","coin_status_nomisma_id":"http:\/\/nomisma.org\/id\/king","ndp_uri":"https:\/\/ikmk.smb.museum\/ndp\/class_status\/36"}],"mint":[{"ikmk_country_id":"11","country_ndp_url":"https:\/\/ikmk.smb.museum\/ndp\/country\/11","country_name_de":"Frankreich","country_name_en":"France","country_nomisma_id":"http:\/\/nomisma.org\/id\/french_republic","country_geoname_id":"http:\/\/www.geonames.org\/3017382","ikmk_region_id":"166","region_ndp_uri":"https:\/\/ikmk.smb.museum\/ndp\/region\/166","region_name_de":"Meuse","region_name_en":"Meuse","region_nomisma_id":"","region_geoname_id":"http:\/\/www.geonames.org\/2994106","ikmk_mint_id":"411","mint_ndp_uri":"https:\/\/ikmk.smb.museum\/ndp\/location\/411","mint_name":"Verdun","mint_name_de":"Verdun","mint_name_en":null,"mint_nomisma_id":"","mint_geoname_id":"http:\/\/www.geonames.org\/2969958"}],"material":{"ikmk_material_id":"1","material_name_de":"Silber","material_name_en":"Silver","material_nomisma_id":"http:\/\/nomisma.org\/id\/ar","ndp_uri":"https:\/\/ikmk.smb.museum\/ndp\/material\/1"},"diameter":"11 mm","weight":"0.44 g","accession":"","access_year":"","provenienz_extern":"","acquisition_date":null,"avers":{"leg_trans":"","leg_text":"[+ HEINRICVS]","image_description":"Im Zentrum REX.","foto_date":"2014-03-05","photographer":{"ikmk_photographer_id":"2","photographer_name":"Raithel, Robert","photographer_gnd":"","photographer_viaf":""},"path_thumbnail":"https:\/\/www.virtuelles-muenzkabinett.de\/image\/ID269\/vs_opt.jpg","path_opt":"https:\/\/www.virtuelles-muenzkabinett.de\/image\/ID269\/vs_opt.jpg","path_opt_rel":"\/var\/www\/html\/mk-edit\/images\/n0\/269\/vs_opt.jpg","path":"https:\/\/www.virtuelles-muenzkabinett.de\/image\/ID269\/vs_org.jpg","path_org":"https:\/\/www.virtuelles-muenzkabinett.de\/image\/ID269\/vs_org.jpg","image_timestamp":1531170137,"copyright":{"short":"PDM 1.0","url":"https:\/\/creativecommons.org\/publicdomain\/mark\/1.0\/","de":"Bilddateien sind <a href=\"https:\/\/creativecommons.org\/publicdomain\/mark\/1.0\/deed.de\" target=\"_blank\">Public Domain Mark 1.0<\/a>. Braunschweig, Herzog Anton Ulrich-Museum, ID269. Aufnahme durch Raithel, Robert.","en":"Image files are licensed&nbsp;<a href=\"https:\/\/creativecommons.org\/publicdomain\/mark\/1.0\/deed.en\" target=\"_blank\">Public Domain Mark 1.0<\/a>. Braunschweig, Herzog Anton Ulrich-Museum, ID269. Photographs by Raithel, Robert."}},"revers":{"leg_trans":"","leg_text":"[+ VIRDVNI]","image_description":"Kreuz, in den Winkeln Kugel (?).","foto_date":"2014-03-05","photographer":{"ikmk_photographer_id":"2","photographer_name":"Raithel, Robert","photographer_gnd":"","photographer_viaf":""},"path_thumbnail":"https:\/\/www.virtuelles-muenzkabinett.de\/image\/ID269\/rs_opt.jpg","path_opt":"https:\/\/www.virtuelles-muenzkabinett.de\/image\/ID269\/rs_opt.jpg","path_opt_rel":"\/var\/www\/html\/mk-edit\/images\/n0\/269\/rs_opt.jpg","path":"https:\/\/www.virtuelles-muenzkabinett.de\/image\/ID269\/rs_org.jpg","path_org":"https:\/\/www.virtuelles-muenzkabinett.de\/image\/ID269\/rs_org.jpg","image_timestamp":1531170215,"copyright":{"short":"PDM 1.0","url":"https:\/\/creativecommons.org\/publicdomain\/mark\/1.0\/","de":"Bilddateien sind <a href=\"https:\/\/creativecommons.org\/publicdomain\/mark\/1.0\/deed.de\" target=\"_blank\">Public Domain Mark 1.0<\/a>. Braunschweig, Herzog Anton Ulrich-Museum, ID269. Aufnahme durch Raithel, Robert.","en":"Image files are licensed&nbsp;<a href=\"https:\/\/creativecommons.org\/publicdomain\/mark\/1.0\/deed.en\" target=\"_blank\">Public Domain Mark 1.0<\/a>. Braunschweig, Herzog Anton Ulrich-Museum, ID269. Photographs by Raithel, Robert."}},"division":{"ikmk_division_id":"2","division_name_de":"Mittelalter","division_name_en":"Medieval Period"},"sub_division":{"ikmk_subdivision_id":"19","subdivision_name_de":"Hochmittelalter","subdivision_name_en":"High Middle Ages"},"literatur":"W. Leschhorn, Mittelalterliche M\u00fcnzen (2015) Nr. 196 (dieses Exemplar); Dannenberg 92; Kluge, CNG 3.3.","comment":"","period":{"ikmk_period_id":"14","name_de":"Hochmittelalter","name_en":null,"description_de":"","description_en":null,"concept_id":"http:\/\/d-nb.info\/gnd\/7503822-5","ndp_uri":"https:\/\/ikmk.smb.museum\/ndp\/period\/14"},"year_start":"919","year_end":"936","date_verbal":"919-936","year_islam":"0","references":[{"ikmk_referenz_id":201,"souce":"Dannenberg","number":"0092","similar":"0"},{"ikmk_referenz_id":323,"souce":"HAUM Mittelalter","number":"0196","similar":"0"}],"manufacturing":[{"ikmk_manufacturing_id":"21","manufacturing_name_de":"gepr\u00e4gt","manufacturing_name_en":"struck","nomisma_id":"http:\/\/nomisma.org\/id\/struck","ndp_uri":"https:\/\/ikmk.smb.museum\/ndp\/manufacture\/21"}],"linked_persons_corporations":{"57":{"ikmk_type_id":"57","type_name_de":"Autorit\u00e4t","type_name_en":"Authority","type_nomisma_id":"http:\/\/nomisma.org\/id\/authority","type_concept_id":"http:\/\/d-nb.info\/gnd\/1051614252","ndp_id":"https:\/\/ikmk.smb.museum\/ndp\/type_for_person_and_corporation\/57","items":{"771":{"ikmk_person_id":"771","title_de":null,"first_name_de":null,"last_name_de":"Heinrich I. (912-936), K\u00f6nig seit 919, seit 912 Herzog von Sachsen","vitalDates":"um 876-02.07.936","title_en":null,"first_name_en":null,"last_name_en":"Heinrich I (912-936), king from 919, from 912 duke of Saxony","corporation":"0","lod":{"https:\/\/d-nb.info\/gnd\/11854831X":"https:\/\/d-nb.info\/gnd\/11854831X","https:\/\/de.wikipedia.org\/wiki\/Heinrich_I._(Ostfrankenreich)":"https:\/\/de.wikipedia.org\/wiki\/Heinrich_I._(Ostfrankenreich)","https:\/\/en.wikipedia.org\/wiki\/Henry_the_Fowler":"https:\/\/en.wikipedia.org\/wiki\/Henry_the_Fowler","https:\/\/viaf.org\/viaf\/30328527":"https:\/\/viaf.org\/viaf\/30328527","https:\/\/www.britishmuseum.org\/collection\/term\/BIOG214760":"https:\/\/www.britishmuseum.org\/collection\/term\/BIOG214760","https:\/\/www.wikidata.org\/wiki\/Q150620":"https:\/\/www.wikidata.org\/wiki\/Q150620","https:\/\/ikmk.smb.museum\/ndp\/person\/771":"https:\/\/ikmk.smb.museum\/ndp\/person\/771"}}}}},"keywords":[{"ikmk_keyword_id":"50","keyword_de":"Christliche Ikonographie","keyword_gnd_uri":"http:\/\/d-nb.info\/gnd\/7502667-3","keyword_concept_uri":""},{"ikmk_keyword_id":"9","keyword_de":"Hochmittelalter, 10.-12. Jh.","keyword_gnd_uri":"http:\/\/d-nb.info\/gnd\/7503822-5","keyword_concept_uri":""},{"ikmk_keyword_id":"33","keyword_de":"K\u00f6nige (MA&NZ)","keyword_gnd_uri":"http:\/\/d-nb.info\/gnd\/4031516-2","keyword_concept_uri":""},{"ikmk_keyword_id":"2","keyword_de":"Mittelalter","keyword_gnd_uri":"http:\/\/d-nb.info\/gnd\/4129108-6","keyword_concept_uri":"http:\/\/vocab.getty.edu\/aat\/300020756"},{"ikmk_keyword_id":"69","keyword_de":"Silber","keyword_gnd_uri":"http:\/\/d-nb.info\/gnd\/4133759-1","keyword_concept_uri":"http:\/\/www.nomisma.org\/id\/ar"},{"ikmk_keyword_id":"19","keyword_de":"Westeuropa (ohne D)","keyword_gnd_uri":"http:\/\/d-nb.info\/gnd\/4079215-8","keyword_concept_uri":"http:\/\/vocab.getty.edu\/tgn\/4003761"}],"timeline_themes":[{"ikmk_timeline_id":"106","timeline_item":"Frankreich im Hochmittelalter","description":"Das M\u00fcnzwesen des westfr\u00e4nkisch-franz\u00f6sischen Reiches erlebte vom 10. bis zum 12. Jahrhundert eine Phase regionaler Zersplitterung, die den Zustand eines politisch weitgehend machtlosen K\u00f6nigtums und starker F\u00fcrsten widerspiegelt. Die in etwa 60-80 M\u00fcnzst\u00e4tten ausgegebenen M\u00fcnzen zeigen im Gegensatz zum \u00fcbrigen Europa st\u00e4rkere Reduktionen des Silbergehaltes. \u00c4u\u00dferlich sind sie durch Immobilisierungstendenzen gekennzeichnet, d.h. Schrift und Bild werden unter allm\u00e4hlicher Verrohung bzw. Entstellung unver\u00e4ndert, zum Teil noch aus dem karolingischen Erbe des 9. Jahrhunderts \u00fcbernommen.","year_from":"850","year_until":"1200","autor":"Kluge, Bernd"},{"ikmk_timeline_id":"122","timeline_item":"Deutsche K\u00f6nige und Kaiser des Mittelalters","description":"Nach dem Aussterben der ostfr\u00e4nkischen Karolinger ging die K\u00f6nigsw\u00fcrde durch die Wahl der F\u00fcrsten zun\u00e4chst an Konrad I. (911-918), Herzog von Franken, nach dessen Tod an den s\u00e4chsischen Herzog Heinrich I. (919-936) \u00fcber. Mit Heinrich I. beginnt \u00fcblicherweise die Z\u00e4hlung der deutschen K\u00f6nige. Heinrichs Sohn Otto I. (936-973) wurde 962 durch den Papst in Rom zum Kaiser gekr\u00f6nt. Seither haben fast alle deutschen K\u00f6nige des Mittelalters auch die Kaiserkrone getragen. Dazu war die Kr\u00f6nung durch den Papst in Rom erforderlich. Alle K\u00f6nige wurden durch Wahl der F\u00fcrsten bestimmt, auch wenn meist der Sohn auf den Vater folgte (Gebl\u00fctsrecht). Erst bei Aussterben einer Dynastie wurde das Wahlrecht der F\u00fcrsten voll wirksam. Seit 1356 (Goldene Bulle) ist die K\u00f6nigswahl Sache der  sieben Kurf\u00fcrsten des Reiches. Die bedeutendsten K\u00f6nigsdynastien waren die Ottonen (Liudolfinger, 919-1024), die Salier (1024-1125), die Staufer (1138-1250), die Luxemburger (1308-1313, 1346-1437) und die Habsburger (1273-1291 und von 1438 bis zur Aufl\u00f6sung des Reiches 1806).","year_from":"911","year_until":"1500","autor":"Kluge"}],"text_right":{"short":"CC BY-SA 4.0","icon":"https:\/\/licensebuttons.net\/l\/by-sa\/4.0\/80x15.png","url":{"de":"https:\/\/creativecommons.org\/licenses\/by-sa\/4.0\/deed.de","en":"https:\/\/creativecommons.org\/licenses\/by-sa\/4.0\/deed.en"},"label":{"de":"Creative Commons Namensnennung - Weitergabe unter gleichen Bedingungen 4.0 International","en":"Creative Commons Attribution-ShareAlike 4.0 International"},"string":{"de":"Texte und Beschreibungen in diesem Online-Katalog stehen unter einer <a href=\"https:\/\/creativecommons.org\/licenses\/by-sa\/4.0\/deed.de\" target=\"_blank\">CC BY-SA 4.0<\/a> Lizenz.","en":"Texts and descriptions of this catalogue are licensed <a href=\"https:\/\/creativecommons.org\/licenses\/by-sa\/4.0\/deed.de\" target=\"_blank\">CC BY-SA 4.0<\/a>."}},"lod_right":{"short":"PDM 1.0","icon":"https:\/\/licensebuttons.net\/p\/zero\/1.0\/80x15.png","url":{"de":"https:\/\/creativecommons.org\/publicdomain\/mark\/1.0\/deed.de","en":"https:\/\/creativecommons.org\/publicdomain\/mark\/1.0\/deed.en"},"label":{"de":"Public Domain Mark 1.0","en":"Public Domain Mark 1.0"},"string":{"de":"Verwendete LOD-Identifikatoren sind <a href=\"https:\/\/creativecommons.org\/publicdomain\/mark\/1.0\/deed.de\" target=\"_blank\">PDM 1.0<\/a>.","en":"LOD ids used are licensed <a href=\"https:\/\/creativecommons.org\/publicdomain\/mark\/1.0\/deed.en\" target=\"_blank\">Public Domain Mark 1.0<\/a>."}},"image_restriction_id":0,"image_restriction":"free","image_right":{"short":"PDM 1.0","icon":"https:\/\/licensebuttons.net\/p\/zero\/1.0\/80x15.png","url":{"de":"https:\/\/creativecommons.org\/publicdomain\/mark\/1.0\/deed.de","en":"https:\/\/creativecommons.org\/publicdomain\/mark\/1.0\/deed.en"},"label":{"de":"Public Domain Mark 1.0","en":"Public Domain Mark 1.0"}}}