{"language_default":"de","language_more":[],"ikmk_id":"2445","eLearning_completed":"0","primary_source_id":"0","title":"Gro\u00dfkurth, Heinrich Paul: Elisabeth Juliane, Einweihung des Klostergeb\u00e4udes Salzdahlum","inventory_number":"672\/15","activated":"yes","item":{"ikmk_item_id":"3","ndp_uri":"https:\/\/ikmk.smb.museum\/ndp\/item\/3","item_de":"Medaille","item_en":"Medal","item_nomisma":"http:\/\/nomisma.org\/id\/medal"},"permalink":"https:\/\/www.virtuelles-muenzkabinett.de\/object?id=ID2445","permalink_source":null,"publisher":{"ikmk_publisher_id":61,"ndp_uri":"https:\/\/ikmk.smb.museum\/ndp\/owner\/61","publisher_name":"Herzog Anton Ulrich-Museum","publisher_isil":"http:\/\/ld.zdb-services.de\/resource\/organisations\/DE-MUS-026819","publisher_isil_short":"DE-MUS-026819","UID":"http:\/\/ld.zdb-services.de\/resource\/organisations\/DE-MUS-026819\/ID2445","legalBodyWeblink":"https:\/\/www.3landesmuseen.de\/Herzog-Anton-Ulrich-Museum.304.0.html","nomisma_address":"http:\/\/nomisma.org\/id\/hau_museum_braunschweig","author":"Leschhorn, Wolfgang"},"owner":{"ikmk_owner_id":"61","owner_name":"Braunschweig, Herzog Anton Ulrich-Museum","owner_isil":"http:\/\/ld.zdb-services.de\/resource\/organisations\/DE-MUS-026819","owner_isil_short":"DE-MUS-026819","owner_www_address":"https:\/\/www.virtuelles-muenzkabinett.de","nomisma_address":"http:\/\/nomisma.org\/id\/hau_museum_braunschweig","ndp_uri":"https:\/\/ikmk.smb.museum\/ndp\/owner\/61","owner_type":{"de":"Eigentum","en":"Property","ikmk_type_id":"2","ndp_uri":"https:\/\/ikmk.smb.museum\/ndp\/status_of_property\/2"}},"ikmk_status_id":"7","status":{"de":"vorhanden","en":"present","ikmk_status_id":"7","ndp_uri":"https:\/\/ikmk.smb.museum\/ndp\/object_status\/7"},"date_last":"2025-05-17 04:02:33","coin_status":[{"ikmk_coin_status_id":"30","coin_status_name_de":"Herzogtum","coin_status_name_en":"Dukedom","coin_status_nomisma_id":"http:\/\/nomisma.org\/id\/duke","ndp_uri":"https:\/\/ikmk.smb.museum\/ndp\/class_status\/30"}],"mint":[{"ikmk_country_id":"19","country_ndp_url":"https:\/\/ikmk.smb.museum\/ndp\/country\/19","country_name_de":"Deutschland","country_name_en":"Germany","country_nomisma_id":"http:\/\/nomisma.org\/id\/bundesrepublik_deutschland","country_geoname_id":"http:\/\/www.geonames.org\/2921044","ikmk_region_id":"83","region_ndp_uri":"https:\/\/ikmk.smb.museum\/ndp\/region\/83","region_name_de":"Niedersachsen","region_name_en":"Lower Saxony","region_nomisma_id":"","region_geoname_id":"http:\/\/www.geonames.org\/2862926","ikmk_mint_id":"284","mint_ndp_uri":"https:\/\/ikmk.smb.museum\/ndp\/location\/284","mint_name":"Wolfenb\u00fcttel?","mint_name_de":"Wolfenb\u00fcttel?","mint_name_en":null,"mint_nomisma_id":"http:\/\/nomisma.org\/id\/wolfenbuettel","mint_geoname_id":"http:\/\/www.geonames.org\/2806914"}],"material":{"ikmk_material_id":"1","material_name_de":"Silber","material_name_en":"Silver","material_nomisma_id":"http:\/\/nomisma.org\/id\/ar","ndp_uri":"https:\/\/ikmk.smb.museum\/ndp\/material\/1"},"diameter":"42 mm","weight":"42.72 g","accession":"","access_year":"","provenienz_extern":"","acquisition_date":null,"avers":{"leg_trans":"","leg_text":"ELISAB. IVLIA. D.G. DVC. BR. ET LVN","image_description":"Drapiertes Brustbild der Herzogin Eliabeth Juliane nach rechts, unten Signatur GrosKurt.","foto_date":"2018-03-05","photographer":{"ikmk_photographer_id":"2","photographer_name":"Raithel, Robert","photographer_gnd":"","photographer_viaf":""},"path_thumbnail":"https:\/\/www.virtuelles-muenzkabinett.de\/image\/ID2445\/vs_opt.jpg","path_opt":"https:\/\/www.virtuelles-muenzkabinett.de\/image\/ID2445\/vs_opt.jpg","path_opt_rel":"\/var\/www\/html\/mk-edit\/images\/n2\/2445\/vs_opt.jpg","path":"https:\/\/www.virtuelles-muenzkabinett.de\/image\/ID2445\/vs_org.jpg","path_org":"https:\/\/www.virtuelles-muenzkabinett.de\/image\/ID2445\/vs_org.jpg","image_timestamp":1592128300,"copyright":{"short":"PDM 1.0","url":"https:\/\/creativecommons.org\/publicdomain\/mark\/1.0\/","de":"Bilddateien sind <a href=\"https:\/\/creativecommons.org\/publicdomain\/mark\/1.0\/deed.de\" target=\"_blank\">Public Domain Mark 1.0<\/a>. Braunschweig, Herzog Anton Ulrich-Museum, ID2445. Aufnahme durch Raithel, Robert. Medailleur\/in: Heinrich Paul Gro\u00dfkurth.","en":"Image files are licensed&nbsp;<a href=\"https:\/\/creativecommons.org\/publicdomain\/mark\/1.0\/deed.en\" target=\"_blank\">Public Domain Mark 1.0<\/a>. Braunschweig, Herzog Anton Ulrich-Museum, ID2445. Photographs by Raithel, Robert. Medalist: Heinrich Paul Gro\u00dfkurth."}},"revers":{"leg_trans":"","leg_text":"COENOB. SALIS VALLENSE. \/ SOLI DEO. - DICATVM \/ M.DCCI. \/ IVN. XXVI","image_description":"Ansicht des Klostergeb\u00e4udes in Salzdahlum.","foto_date":"2018-03-05","photographer":{"ikmk_photographer_id":"2","photographer_name":"Raithel, Robert","photographer_gnd":"","photographer_viaf":""},"path_thumbnail":"https:\/\/www.virtuelles-muenzkabinett.de\/image\/ID2445\/rs_opt.jpg","path_opt":"https:\/\/www.virtuelles-muenzkabinett.de\/image\/ID2445\/rs_opt.jpg","path_opt_rel":"\/var\/www\/html\/mk-edit\/images\/n2\/2445\/rs_opt.jpg","path":"https:\/\/www.virtuelles-muenzkabinett.de\/image\/ID2445\/rs_org.jpg","path_org":"https:\/\/www.virtuelles-muenzkabinett.de\/image\/ID2445\/rs_org.jpg","image_timestamp":1592128376,"copyright":{"short":"PDM 1.0","url":"https:\/\/creativecommons.org\/publicdomain\/mark\/1.0\/","de":"Bilddateien sind <a href=\"https:\/\/creativecommons.org\/publicdomain\/mark\/1.0\/deed.de\" target=\"_blank\">Public Domain Mark 1.0<\/a>. Braunschweig, Herzog Anton Ulrich-Museum, ID2445. Aufnahme durch Raithel, Robert. Medailleur\/in: Heinrich Paul Gro\u00dfkurth.","en":"Image files are licensed&nbsp;<a href=\"https:\/\/creativecommons.org\/publicdomain\/mark\/1.0\/deed.en\" target=\"_blank\">Public Domain Mark 1.0<\/a>. Braunschweig, Herzog Anton Ulrich-Museum, ID2445. Photographs by Raithel, Robert. Medalist: Heinrich Paul Gro\u00dfkurth."}},"division":{"ikmk_division_id":"4","division_name_de":"Medaillen","division_name_en":"Medals"},"sub_division":{"ikmk_subdivision_id":"12","subdivision_name_de":"Barock und Rokoko","subdivision_name_en":"Baroque and Rokoko"},"literatur":"W. Leschhorn, Medaillen (2019) Nr. 89; Brockmann 264; Fiala 1198-","comment":"","period":{"ikmk_period_id":"13","name_de":"Barock","name_en":null,"description_de":"","description_en":null,"concept_id":"http:\/\/vocab.getty.edu\/aat\/300021147","ndp_uri":"https:\/\/ikmk.smb.museum\/ndp\/period\/13"},"year_start":"1701","year_end":"1701","date_verbal":"1701","year_islam":"0","references":[{"ikmk_referenz_id":363,"souce":"HAUM Medaillen -19. Jh.","number":"0089","similar":"0"}],"manufacturing":[{"ikmk_manufacturing_id":"21","manufacturing_name_de":"gepr\u00e4gt","manufacturing_name_en":"struck","nomisma_id":"http:\/\/nomisma.org\/id\/struck","ndp_uri":"https:\/\/ikmk.smb.museum\/ndp\/manufacture\/21"}],"linked_persons_corporations":{"49":{"ikmk_type_id":"49","type_name_de":"Medailleur\/in","type_name_en":"Medalist","type_nomisma_id":"http:\/\/nomisma.org\/id\/medalist","type_concept_id":"http:\/\/d-nb.info\/gnd\/4306105-9","ndp_id":"https:\/\/ikmk.smb.museum\/ndp\/type_for_person_and_corporation\/49","items":{"3226":{"ikmk_person_id":"3226","title_de":null,"first_name_de":"Heinrich Paul","last_name_de":"Gro\u00dfkurth","vitalDates":"1675-1751","title_en":null,"first_name_en":"Heinrich Paul","last_name_en":"Gro\u00dfkurth","corporation":"0","lod":{"https:\/\/d-nb.info\/gnd\/104234986X":"https:\/\/d-nb.info\/gnd\/104234986X","https:\/\/mmlo.de\/10318":"https:\/\/mmlo.de\/10318","https:\/\/viaf.org\/viaf\/305260745":"https:\/\/viaf.org\/viaf\/305260745","https:\/\/ikmk.smb.museum\/ndp\/person\/3226":"https:\/\/ikmk.smb.museum\/ndp\/person\/3226"}}}},"54":{"ikmk_type_id":"54","type_name_de":"Dargestellte\/r","type_name_en":"Sitter","type_nomisma_id":"http:\/\/nomisma.org\/id\/portrait","type_concept_id":"http:\/\/vocab.getty.edu\/aat\/300189844","ndp_id":"https:\/\/ikmk.smb.museum\/ndp\/type_for_person_and_corporation\/54","items":{"5165":{"ikmk_person_id":"5165","title_de":null,"first_name_de":null,"last_name_de":"Elisabeth Juliane von Holstein-Norburg (1704), Herzogin von Braunschweig-Wolfenb\u00fcttel","vitalDates":"24.05.1634 - 04.02.1704","title_en":null,"first_name_en":null,"last_name_en":"Elisabeth Juliane of Holstein-Norburg (1704), duchess of Brunswick-Wolfenb\u00fcttel","corporation":"0","lod":{"https:\/\/d-nb.info\/gnd\/104183772":"https:\/\/d-nb.info\/gnd\/104183772","https:\/\/viaf.org\/viaf\/64438034":"https:\/\/viaf.org\/viaf\/64438034","https:\/\/www.wikidata.org\/wiki\/Q10303799":"https:\/\/www.wikidata.org\/wiki\/Q10303799","https:\/\/ikmk.smb.museum\/ndp\/person\/5165":"https:\/\/ikmk.smb.museum\/ndp\/person\/5165"}}}},"57":{"ikmk_type_id":"57","type_name_de":"Autorit\u00e4t","type_name_en":"Authority","type_nomisma_id":"http:\/\/nomisma.org\/id\/authority","type_concept_id":"http:\/\/d-nb.info\/gnd\/1051614252","ndp_id":"https:\/\/ikmk.smb.museum\/ndp\/type_for_person_and_corporation\/57","items":{"5166":{"ikmk_person_id":"5166","title_de":null,"first_name_de":null,"last_name_de":"Anton Ulrich (1704-1714), Herzog von Braunschweig und L\u00fcneburg","vitalDates":"04.10.1633 - 27.03.1714","title_en":null,"first_name_en":null,"last_name_en":"Anton Ulrich (1704-1714), duke of Brunswick and L\u00fcneburg","corporation":"0","lod":{"https:\/\/d-nb.info\/gnd\/118503472":"https:\/\/d-nb.info\/gnd\/118503472","https:\/\/viaf.org\/viaf\/4897937":"https:\/\/viaf.org\/viaf\/4897937","https:\/\/www.wikidata.org\/wiki\/Q61213":"https:\/\/www.wikidata.org\/wiki\/Q61213","https:\/\/ikmk.smb.museum\/ndp\/person\/5166":"https:\/\/ikmk.smb.museum\/ndp\/person\/5166"}}}}},"keywords":[{"ikmk_keyword_id":"79","keyword_de":"18. Jh.","keyword_gnd_uri":"","keyword_concept_uri":"http:\/\/vocab.getty.edu\/aat\/300404512"},{"ikmk_keyword_id":"53","keyword_de":"Architektur","keyword_gnd_uri":"http:\/\/d-nb.info\/gnd\/4002851-3","keyword_concept_uri":"http:\/\/vocab.getty.edu\/aat\/300263552"},{"ikmk_keyword_id":"18","keyword_de":"Deutschland","keyword_gnd_uri":"http:\/\/d-nb.info\/gnd\/4011882-4","keyword_concept_uri":"http:\/\/vocab.getty.edu\/tgn\/7000084"},{"ikmk_keyword_id":"55","keyword_de":"Frauen","keyword_gnd_uri":"http:\/\/d-nb.info\/gnd\/4018202-2","keyword_concept_uri":"http:\/\/vocab.getty.edu\/aat\/300025943"},{"ikmk_keyword_id":"64","keyword_de":"Medaillen","keyword_gnd_uri":"http:\/\/d-nb.info\/gnd\/4038206-0","keyword_concept_uri":"http:\/\/www.nomisma.org\/id\/medal"},{"ikmk_keyword_id":"65","keyword_de":"Medailleure","keyword_gnd_uri":"http:\/\/d-nb.info\/gnd\/4306105-9","keyword_concept_uri":"http:\/\/www.nomisma.org\/id\/medalist"},{"ikmk_keyword_id":"3","keyword_de":"Neuzeit","keyword_gnd_uri":"http:\/\/d-nb.info\/gnd\/4171678-4","keyword_concept_uri":""},{"ikmk_keyword_id":"43","keyword_de":"Portr\u00e4ts","keyword_gnd_uri":"http:\/\/d-nb.info\/gnd\/4006627-7","keyword_concept_uri":"http:\/\/vocab.getty.edu\/aat\/300015637"},{"ikmk_keyword_id":"69","keyword_de":"Silber","keyword_gnd_uri":"http:\/\/d-nb.info\/gnd\/4133759-1","keyword_concept_uri":"http:\/\/www.nomisma.org\/id\/ar"},{"ikmk_keyword_id":"34","keyword_de":"Weltliche F\u00fcrsten","keyword_gnd_uri":"http:\/\/d-nb.info\/gnd\/4166473-5","keyword_concept_uri":""}],"timeline_themes":[{"ikmk_timeline_id":"62","timeline_item":"Medaillen Barock","description":"Die Barockmedaille diente der f\u00fcrstlichen Repr\u00e4sentation. In mythologischen Szenen, mit Personifikationen und Allegorien wurden dynastische Themen von der Geburt bis zum Tod \u00fcber Thronbesteigung, Huldigung, Verm\u00e4hlung, Bauleistungen, Kriege und Friedensschl\u00fcsse zu einer \u201eHistoire m\u00e9tallique\u201c geformt. Frankreich war tonangebend. Durch die Zentralgewalt gef\u00f6rdert, konzentrierte sich das Medaillenschaffen in Paris um den k\u00f6niglichen Hof. In den kaiserlichen Residenzen Wien und Prag gedieh es besonders unter Rudolf II. (1576-1612). Tr\u00e4ger der deutschen Barockmedaille waren die Landesf\u00fcrsten, die dem franz\u00f6sischen Vorbild mit glanzvoller Hofhaltung nachzueifern suchten. Wirtschaftlich prosperierende St\u00e4dte nutzten das Medium ebenfalls. Eine bereits in der Sp\u00e4trenaissance einsetzende Sonderform bilden kostbar gefasste Medaillenkleinode, die weltliche und geistliche Herrscher als besonderen Gunst- und Gnadenbeweis vergaben.","year_from":"1600","year_until":"1750","autor":"Steguweit, Wolfgang"}],"text_right":{"short":"CC BY-SA 4.0","icon":"https:\/\/licensebuttons.net\/l\/by-sa\/4.0\/80x15.png","url":{"de":"https:\/\/creativecommons.org\/licenses\/by-sa\/4.0\/deed.de","en":"https:\/\/creativecommons.org\/licenses\/by-sa\/4.0\/deed.en"},"label":{"de":"Creative Commons Namensnennung - Weitergabe unter gleichen Bedingungen 4.0 International","en":"Creative Commons Attribution-ShareAlike 4.0 International"},"string":{"de":"Texte und Beschreibungen in diesem Online-Katalog stehen unter einer <a href=\"https:\/\/creativecommons.org\/licenses\/by-sa\/4.0\/deed.de\" target=\"_blank\">CC BY-SA 4.0<\/a> Lizenz.","en":"Texts and descriptions of this catalogue are licensed <a href=\"https:\/\/creativecommons.org\/licenses\/by-sa\/4.0\/deed.de\" target=\"_blank\">CC BY-SA 4.0<\/a>."}},"lod_right":{"short":"PDM 1.0","icon":"https:\/\/licensebuttons.net\/p\/zero\/1.0\/80x15.png","url":{"de":"https:\/\/creativecommons.org\/publicdomain\/mark\/1.0\/deed.de","en":"https:\/\/creativecommons.org\/publicdomain\/mark\/1.0\/deed.en"},"label":{"de":"Public Domain Mark 1.0","en":"Public Domain Mark 1.0"},"string":{"de":"Verwendete LOD-Identifikatoren sind <a href=\"https:\/\/creativecommons.org\/publicdomain\/mark\/1.0\/deed.de\" target=\"_blank\">PDM 1.0<\/a>.","en":"LOD ids used are licensed <a href=\"https:\/\/creativecommons.org\/publicdomain\/mark\/1.0\/deed.en\" target=\"_blank\">Public Domain Mark 1.0<\/a>."}},"image_restriction_id":0,"image_restriction":"free","image_right":{"short":"PDM 1.0","icon":"https:\/\/licensebuttons.net\/p\/zero\/1.0\/80x15.png","url":{"de":"https:\/\/creativecommons.org\/publicdomain\/mark\/1.0\/deed.de","en":"https:\/\/creativecommons.org\/publicdomain\/mark\/1.0\/deed.en"},"label":{"de":"Public Domain Mark 1.0","en":"Public Domain Mark 1.0"}}}