{"language_default":"de","language_more":[],"ikmk_id":"207","eLearning_completed":"0","primary_source_id":"0","title":"Lambelet, Samuel: August Wilhelm von Braunschweig-Wolfenb\u00fcttel, Bauma\u00dfnahmen","inventory_number":"703\/3","activated":"yes","item":{"ikmk_item_id":"3","ndp_uri":"https:\/\/ikmk.smb.museum\/ndp\/item\/3","item_de":"Medaille","item_en":"Medal","item_nomisma":"http:\/\/nomisma.org\/id\/medal"},"permalink":"https:\/\/www.virtuelles-muenzkabinett.de\/object?id=ID207","permalink_source":null,"publisher":{"ikmk_publisher_id":61,"ndp_uri":"https:\/\/ikmk.smb.museum\/ndp\/owner\/61","publisher_name":"Herzog Anton Ulrich-Museum","publisher_isil":"http:\/\/ld.zdb-services.de\/resource\/organisations\/DE-MUS-026819","publisher_isil_short":"DE-MUS-026819","UID":"http:\/\/ld.zdb-services.de\/resource\/organisations\/DE-MUS-026819\/ID207","legalBodyWeblink":"https:\/\/www.3landesmuseen.de\/Herzog-Anton-Ulrich-Museum.304.0.html","nomisma_address":"http:\/\/nomisma.org\/id\/hau_museum_braunschweig","author":"Leschhorn, Wolfgang"},"owner":{"ikmk_owner_id":"61","owner_name":"Braunschweig, Herzog Anton Ulrich-Museum","owner_isil":"http:\/\/ld.zdb-services.de\/resource\/organisations\/DE-MUS-026819","owner_isil_short":"DE-MUS-026819","owner_www_address":"https:\/\/www.virtuelles-muenzkabinett.de","nomisma_address":"http:\/\/nomisma.org\/id\/hau_museum_braunschweig","ndp_uri":"https:\/\/ikmk.smb.museum\/ndp\/owner\/61","owner_type":{"de":"Eigentum","en":"Property","ikmk_type_id":"2","ndp_uri":"https:\/\/ikmk.smb.museum\/ndp\/status_of_property\/2"}},"ikmk_status_id":"7","status":{"de":"vorhanden","en":"present","ikmk_status_id":"7","ndp_uri":"https:\/\/ikmk.smb.museum\/ndp\/object_status\/7"},"date_last":"2025-05-17 04:01:12","coin_status":[{"ikmk_coin_status_id":"30","coin_status_name_de":"Herzogtum","coin_status_name_en":"Dukedom","coin_status_nomisma_id":"http:\/\/nomisma.org\/id\/duke","ndp_uri":"https:\/\/ikmk.smb.museum\/ndp\/class_status\/30"}],"mint":[{"ikmk_country_id":"19","country_ndp_url":"https:\/\/ikmk.smb.museum\/ndp\/country\/19","country_name_de":"Deutschland","country_name_en":"Germany","country_nomisma_id":"http:\/\/nomisma.org\/id\/bundesrepublik_deutschland","country_geoname_id":"http:\/\/www.geonames.org\/2921044","ikmk_region_id":"83","region_ndp_uri":"https:\/\/ikmk.smb.museum\/ndp\/region\/83","region_name_de":"Niedersachsen","region_name_en":"Lower Saxony","region_nomisma_id":"","region_geoname_id":"http:\/\/www.geonames.org\/2862926","ikmk_mint_id":"112","mint_ndp_uri":"https:\/\/ikmk.smb.museum\/ndp\/location\/112","mint_name":"Braunschweig","mint_name_de":"Braunschweig","mint_name_en":null,"mint_nomisma_id":"http:\/\/nomisma.org\/id\/braunschweig","mint_geoname_id":"http:\/\/www.geonames.org\/2945024"}],"material":{"ikmk_material_id":"1","material_name_de":"Silber","material_name_en":"Silver","material_nomisma_id":"http:\/\/nomisma.org\/id\/ar","ndp_uri":"https:\/\/ikmk.smb.museum\/ndp\/material\/1"},"diameter":"61 mm","weight":"116.56 g","accession":"","access_year":"","provenienz_extern":"","acquisition_date":null,"avers":{"leg_trans":"","leg_text":"AVGVSTVS. WILHELMVS. D. G. DVX BRVNS. ET. LVNEB","image_description":"Brustbild August Wilhelms mit Harnisch, Mantel und Ordensstern nach links. Im Armabschnitt Signatur S. Lambelet.","foto_date":"2018-03-05","photographer":{"ikmk_photographer_id":"2","photographer_name":"Raithel, Robert","photographer_gnd":"","photographer_viaf":""},"path_thumbnail":"https:\/\/www.virtuelles-muenzkabinett.de\/image\/ID207\/vs_opt.jpg","path_opt":"https:\/\/www.virtuelles-muenzkabinett.de\/image\/ID207\/vs_opt.jpg","path_opt_rel":"\/var\/www\/html\/mk-edit\/images\/n0\/207\/vs_opt.jpg","path":"https:\/\/www.virtuelles-muenzkabinett.de\/image\/ID207\/vs_org.jpg","path_org":"https:\/\/www.virtuelles-muenzkabinett.de\/image\/ID207\/vs_org.jpg","image_timestamp":1530225609,"copyright":{"short":"PDM 1.0","url":"https:\/\/creativecommons.org\/publicdomain\/mark\/1.0\/","de":"Bilddateien sind <a href=\"https:\/\/creativecommons.org\/publicdomain\/mark\/1.0\/deed.de\" target=\"_blank\">Public Domain Mark 1.0<\/a>. Braunschweig, Herzog Anton Ulrich-Museum, ID207. Aufnahme durch Raithel, Robert. Medailleur\/in: Samuel Lambelet.","en":"Image files are licensed&nbsp;<a href=\"https:\/\/creativecommons.org\/publicdomain\/mark\/1.0\/deed.en\" target=\"_blank\">Public Domain Mark 1.0<\/a>. Braunschweig, Herzog Anton Ulrich-Museum, ID207. Photographs by Raithel, Robert. Medalist: Samuel Lambelet."}},"revers":{"leg_trans":"","leg_text":"HAEC TERNA AETERNANT WILHELMVM","image_description":"Wolfenb\u00fctteler Schloss, dar\u00fcber Trinitatiskirche zu Wolfenb\u00fcttel, rechts Braunschweiger Festungsanlagen.","foto_date":"2018-03-05","photographer":{"ikmk_photographer_id":"2","photographer_name":"Raithel, Robert","photographer_gnd":"","photographer_viaf":""},"path_thumbnail":"https:\/\/www.virtuelles-muenzkabinett.de\/image\/ID207\/rs_opt.jpg","path_opt":"https:\/\/www.virtuelles-muenzkabinett.de\/image\/ID207\/rs_opt.jpg","path_opt_rel":"\/var\/www\/html\/mk-edit\/images\/n0\/207\/rs_opt.jpg","path":"https:\/\/www.virtuelles-muenzkabinett.de\/image\/ID207\/rs_org.jpg","path_org":"https:\/\/www.virtuelles-muenzkabinett.de\/image\/ID207\/rs_org.jpg","image_timestamp":1530225690,"copyright":{"short":"PDM 1.0","url":"https:\/\/creativecommons.org\/publicdomain\/mark\/1.0\/","de":"Bilddateien sind <a href=\"https:\/\/creativecommons.org\/publicdomain\/mark\/1.0\/deed.de\" target=\"_blank\">Public Domain Mark 1.0<\/a>. Braunschweig, Herzog Anton Ulrich-Museum, ID207. Aufnahme durch Raithel, Robert. Medailleur\/in: Samuel Lambelet.","en":"Image files are licensed&nbsp;<a href=\"https:\/\/creativecommons.org\/publicdomain\/mark\/1.0\/deed.en\" target=\"_blank\">Public Domain Mark 1.0<\/a>. Braunschweig, Herzog Anton Ulrich-Museum, ID207. Photographs by Raithel, Robert. Medalist: Samuel Lambelet."}},"edge":"CEDENT  E VOTO BENE QVAE FACIT OMNIA IVSTO.","division":{"ikmk_division_id":"4","division_name_de":"Medaillen","division_name_en":"Medals"},"sub_division":{"ikmk_subdivision_id":"12","subdivision_name_de":"Barock und Rokoko","subdivision_name_en":"Baroque and Rokoko"},"literatur":"W. Leschhorn, Medaillen des 15. bis 19. Jahrhunderts (2019), Nr. 105 (dieses Exemplar); W. Leschhorn, Braunschweigische M\u00fcnzen und Medaillen (2010) Abb. 360 (dieses Exemplar); G. Brockmann 275.","comment":"","period":{"ikmk_period_id":"13","name_de":"Barock","name_en":null,"description_de":"","description_en":null,"concept_id":"http:\/\/vocab.getty.edu\/aat\/300021147","ndp_uri":"https:\/\/ikmk.smb.museum\/ndp\/period\/13"},"year_start":"1718","year_end":"1718","date_verbal":"1718","year_islam":"0","references":[{"ikmk_referenz_id":363,"souce":"HAUM Medaillen -19. Jh.","number":"0105","similar":"0"}],"manufacturing":[{"ikmk_manufacturing_id":"21","manufacturing_name_de":"gepr\u00e4gt","manufacturing_name_en":"struck","nomisma_id":"http:\/\/nomisma.org\/id\/struck","ndp_uri":"https:\/\/ikmk.smb.museum\/ndp\/manufacture\/21"}],"linked_persons_corporations":{"49":{"ikmk_type_id":"49","type_name_de":"Medailleur\/in","type_name_en":"Medalist","type_nomisma_id":"http:\/\/nomisma.org\/id\/medalist","type_concept_id":"http:\/\/d-nb.info\/gnd\/4306105-9","ndp_id":"https:\/\/ikmk.smb.museum\/ndp\/type_for_person_and_corporation\/49","items":{"8826":{"ikmk_person_id":"8826","title_de":null,"first_name_de":"Samuel","last_name_de":"Lambelet","vitalDates":"1663-21.04.1727","title_en":null,"first_name_en":"Samuel","last_name_en":"Lambelet","corporation":"0","lod":{"https:\/\/d-nb.info\/gnd\/103493886X":"https:\/\/d-nb.info\/gnd\/103493886X","https:\/\/de.wikipedia.org\/wiki\/Samuel_Lambelet":"https:\/\/de.wikipedia.org\/wiki\/Samuel_Lambelet","https:\/\/mmlo.de\/14221":"https:\/\/mmlo.de\/14221","https:\/\/viaf.org\/viaf\/302172502":"https:\/\/viaf.org\/viaf\/302172502","https:\/\/www.wikidata.org\/wiki\/Q29866540":"https:\/\/www.wikidata.org\/wiki\/Q29866540","https:\/\/ikmk.smb.museum\/ndp\/person\/8826":"https:\/\/ikmk.smb.museum\/ndp\/person\/8826"}}}},"54":{"ikmk_type_id":"54","type_name_de":"Dargestellte\/r","type_name_en":"Sitter","type_nomisma_id":"http:\/\/nomisma.org\/id\/portrait","type_concept_id":"http:\/\/vocab.getty.edu\/aat\/300189844","ndp_id":"https:\/\/ikmk.smb.museum\/ndp\/type_for_person_and_corporation\/54","items":{"8760":{"ikmk_person_id":"8760","title_de":null,"first_name_de":null,"last_name_de":"August Wilhelm (1714-1731), Herzog von Braunschweig und L\u00fcneburg","vitalDates":"08.03.1632 - 23.03.1731","title_en":null,"first_name_en":null,"last_name_en":"August Wilhelm (1714-1731), duke of Brunswick and L\u00fcneburg","corporation":"0","lod":{"https:\/\/d-nb.info\/gnd\/119502992":"https:\/\/d-nb.info\/gnd\/119502992","https:\/\/viaf.org\/viaf\/59895601":"https:\/\/viaf.org\/viaf\/59895601","https:\/\/www.wikidata.org\/wiki\/Q64086":"https:\/\/www.wikidata.org\/wiki\/Q64086","https:\/\/ikmk.smb.museum\/ndp\/person\/8760":"https:\/\/ikmk.smb.museum\/ndp\/person\/8760"}}}},"57":{"ikmk_type_id":"57","type_name_de":"Autorit\u00e4t","type_name_en":"Authority","type_nomisma_id":"http:\/\/nomisma.org\/id\/authority","type_concept_id":"http:\/\/d-nb.info\/gnd\/1051614252","ndp_id":"https:\/\/ikmk.smb.museum\/ndp\/type_for_person_and_corporation\/57","items":{"8760":{"ikmk_person_id":"8760","title_de":null,"first_name_de":null,"last_name_de":"August Wilhelm (1714-1731), Herzog von Braunschweig und L\u00fcneburg","vitalDates":"08.03.1632 - 23.03.1731","title_en":null,"first_name_en":null,"last_name_en":"August Wilhelm (1714-1731), duke of Brunswick and L\u00fcneburg","corporation":"0","lod":{"https:\/\/d-nb.info\/gnd\/119502992":"https:\/\/d-nb.info\/gnd\/119502992","https:\/\/viaf.org\/viaf\/59895601":"https:\/\/viaf.org\/viaf\/59895601","https:\/\/www.wikidata.org\/wiki\/Q64086":"https:\/\/www.wikidata.org\/wiki\/Q64086","https:\/\/ikmk.smb.museum\/ndp\/person\/8760":"https:\/\/ikmk.smb.museum\/ndp\/person\/8760"}}}}},"keywords":[{"ikmk_keyword_id":"79","keyword_de":"18. Jh.","keyword_gnd_uri":"","keyword_concept_uri":"http:\/\/vocab.getty.edu\/aat\/300404512"},{"ikmk_keyword_id":"53","keyword_de":"Architektur","keyword_gnd_uri":"http:\/\/d-nb.info\/gnd\/4002851-3","keyword_concept_uri":"http:\/\/vocab.getty.edu\/aat\/300263552"},{"ikmk_keyword_id":"18","keyword_de":"Deutschland","keyword_gnd_uri":"http:\/\/d-nb.info\/gnd\/4011882-4","keyword_concept_uri":"http:\/\/vocab.getty.edu\/tgn\/7000084"},{"ikmk_keyword_id":"44","keyword_de":"Herrscherrepr\u00e4sentation","keyword_gnd_uri":"","keyword_concept_uri":""},{"ikmk_keyword_id":"64","keyword_de":"Medaillen","keyword_gnd_uri":"http:\/\/d-nb.info\/gnd\/4038206-0","keyword_concept_uri":"http:\/\/www.nomisma.org\/id\/medal"},{"ikmk_keyword_id":"3","keyword_de":"Neuzeit","keyword_gnd_uri":"http:\/\/d-nb.info\/gnd\/4171678-4","keyword_concept_uri":""},{"ikmk_keyword_id":"69","keyword_de":"Silber","keyword_gnd_uri":"http:\/\/d-nb.info\/gnd\/4133759-1","keyword_concept_uri":"http:\/\/www.nomisma.org\/id\/ar"},{"ikmk_keyword_id":"73","keyword_de":"Spitzenst\u00fccke und Hauptwerke","keyword_gnd_uri":"http:\/\/d-nb.info\/gnd\/4702225-5","keyword_concept_uri":"http:\/\/vocab.getty.edu\/aat\/300072312"},{"ikmk_keyword_id":"54","keyword_de":"Stadtansicht","keyword_gnd_uri":"http:\/\/d-nb.info\/gnd\/4126697-3","keyword_concept_uri":"http:\/\/vocab.getty.edu\/aat\/300015571"},{"ikmk_keyword_id":"34","keyword_de":"Weltliche F\u00fcrsten","keyword_gnd_uri":"http:\/\/d-nb.info\/gnd\/4166473-5","keyword_concept_uri":""}],"timeline_themes":[{"ikmk_timeline_id":"62","timeline_item":"Medaillen Barock","description":"Die Barockmedaille diente der f\u00fcrstlichen Repr\u00e4sentation. In mythologischen Szenen, mit Personifikationen und Allegorien wurden dynastische Themen von der Geburt bis zum Tod \u00fcber Thronbesteigung, Huldigung, Verm\u00e4hlung, Bauleistungen, Kriege und Friedensschl\u00fcsse zu einer \u201eHistoire m\u00e9tallique\u201c geformt. Frankreich war tonangebend. Durch die Zentralgewalt gef\u00f6rdert, konzentrierte sich das Medaillenschaffen in Paris um den k\u00f6niglichen Hof. In den kaiserlichen Residenzen Wien und Prag gedieh es besonders unter Rudolf II. (1576-1612). Tr\u00e4ger der deutschen Barockmedaille waren die Landesf\u00fcrsten, die dem franz\u00f6sischen Vorbild mit glanzvoller Hofhaltung nachzueifern suchten. Wirtschaftlich prosperierende St\u00e4dte nutzten das Medium ebenfalls. Eine bereits in der Sp\u00e4trenaissance einsetzende Sonderform bilden kostbar gefasste Medaillenkleinode, die weltliche und geistliche Herrscher als besonderen Gunst- und Gnadenbeweis vergaben.","year_from":"1600","year_until":"1750","autor":"Steguweit, Wolfgang"}],"text_right":{"short":"CC BY-SA 4.0","icon":"https:\/\/licensebuttons.net\/l\/by-sa\/4.0\/80x15.png","url":{"de":"https:\/\/creativecommons.org\/licenses\/by-sa\/4.0\/deed.de","en":"https:\/\/creativecommons.org\/licenses\/by-sa\/4.0\/deed.en"},"label":{"de":"Creative Commons Namensnennung - Weitergabe unter gleichen Bedingungen 4.0 International","en":"Creative Commons Attribution-ShareAlike 4.0 International"},"string":{"de":"Texte und Beschreibungen in diesem Online-Katalog stehen unter einer <a href=\"https:\/\/creativecommons.org\/licenses\/by-sa\/4.0\/deed.de\" target=\"_blank\">CC BY-SA 4.0<\/a> Lizenz.","en":"Texts and descriptions of this catalogue are licensed <a href=\"https:\/\/creativecommons.org\/licenses\/by-sa\/4.0\/deed.de\" target=\"_blank\">CC BY-SA 4.0<\/a>."}},"lod_right":{"short":"PDM 1.0","icon":"https:\/\/licensebuttons.net\/p\/zero\/1.0\/80x15.png","url":{"de":"https:\/\/creativecommons.org\/publicdomain\/mark\/1.0\/deed.de","en":"https:\/\/creativecommons.org\/publicdomain\/mark\/1.0\/deed.en"},"label":{"de":"Public Domain Mark 1.0","en":"Public Domain Mark 1.0"},"string":{"de":"Verwendete LOD-Identifikatoren sind <a href=\"https:\/\/creativecommons.org\/publicdomain\/mark\/1.0\/deed.de\" target=\"_blank\">PDM 1.0<\/a>.","en":"LOD ids used are licensed <a href=\"https:\/\/creativecommons.org\/publicdomain\/mark\/1.0\/deed.en\" target=\"_blank\">Public Domain Mark 1.0<\/a>."}},"image_restriction_id":0,"image_restriction":"free","image_right":{"short":"PDM 1.0","icon":"https:\/\/licensebuttons.net\/p\/zero\/1.0\/80x15.png","url":{"de":"https:\/\/creativecommons.org\/publicdomain\/mark\/1.0\/deed.de","en":"https:\/\/creativecommons.org\/publicdomain\/mark\/1.0\/deed.en"},"label":{"de":"Public Domain Mark 1.0","en":"Public Domain Mark 1.0"}}}